{"id":27731,"date":"2021-09-10T01:08:59","date_gmt":"2021-09-09T23:08:59","guid":{"rendered":"http:\/\/www.vernunftkraft-hessen.de\/wordpress\/?p=27731"},"modified":"2021-09-10T01:12:11","modified_gmt":"2021-09-09T23:12:11","slug":"die-kuenstlich-erzeugte-angst-vor-der-fuenf-grad-erwaermung","status":"publish","type":"post","link":"http:\/\/www.vernunftkraft-hessen.de\/wordpress\/2021\/09\/10\/die-kuenstlich-erzeugte-angst-vor-der-fuenf-grad-erwaermung\/","title":{"rendered":"Die k\u00fcnstlich erzeugte Angst vor der F\u00fcnf-Grad-Erw\u00e4rmung | TE"},"content":{"rendered":"<p>Von Fritz Vahrenholt<\/p>\n<blockquote><p><span style=\"font-size: 12pt;\"><strong>Der Weltklimarat IPCC behandelt in seinen Berichten auch v\u00f6llig irreale Szenarien der extremen Erw\u00e4rmung. Sie dienen ihm wom\u00f6glich dazu, Angst zu erzeugen. Wie stark Deutschland bereits jetzt seine CO2-Emissionen reduziert hat, geht in der allgemeinen Angstrhetorik ebenso unter wie die Frage nach der Kernenergie.<\/strong><\/span><\/p><\/blockquote>\n<blockquote class=\"wp-embedded-content\" data-secret=\"v2bET4hHHt\"><p><a href=\"https:\/\/www.tichyseinblick.de\/kolumnen\/klima-durchblick\/die-kuenstlich-erzeugte-angst-vor-der-fuenf-grad-erwaermung\/\">Die k\u00fcnstlich erzeugte Angst vor der F\u00fcnf-Grad-Erw\u00e4rmung<\/a><\/p><\/blockquote>\n<p><iframe loading=\"lazy\" class=\"wp-embedded-content\" sandbox=\"allow-scripts\" security=\"restricted\" style=\"position: absolute; clip: rect(1px, 1px, 1px, 1px);\" src=\"https:\/\/www.tichyseinblick.de\/kolumnen\/klima-durchblick\/die-kuenstlich-erzeugte-angst-vor-der-fuenf-grad-erwaermung\/embed\/#?secret=v2bET4hHHt\" data-secret=\"v2bET4hHHt\" width=\"600\" height=\"338\" title=\"&#8222;Die k\u00fcnstlich erzeugte Angst vor der F\u00fcnf-Grad-Erw\u00e4rmung&#8220; &#8212; Tichys Einblick\" frameborder=\"0\" marginwidth=\"0\" marginheight=\"0\" scrolling=\"no\"><\/iframe><\/p>\n<p>Weiterlesen: <em><a href=\"https:\/\/www.tichyseinblick.de\/kolumnen\/klima-durchblick\/die-kuenstlich-erzeugte-angst-vor-der-fuenf-grad-erwaermung\/\" target=\"_blank\" rel=\"noopener noreferrer\">Die k\u00fcnstlich erzeugte Angst vor der F\u00fcnf-Grad-Erw\u00e4rmung<\/a><\/em><\/p>\n","protected":false},"excerpt":{"rendered":"<p>Von Fritz Vahrenholt Der Weltklimarat IPCC behandelt in seinen Berichten auch v\u00f6llig irreale Szenarien der extremen Erw\u00e4rmung. Sie dienen ihm wom\u00f6glich dazu, Angst zu erzeugen. Wie stark Deutschland bereits jetzt seine CO2-Emissionen reduziert hat, geht in der allgemeinen Angstrhetorik ebenso unter wie die Frage nach der Kernenergie. Die k\u00fcnstlich erzeugte Angst vor der F\u00fcnf-Grad-Erw\u00e4rmung Weiterlesen: &hellip; <a href=\"http:\/\/www.vernunftkraft-hessen.de\/wordpress\/2021\/09\/10\/die-kuenstlich-erzeugte-angst-vor-der-fuenf-grad-erwaermung\/\" class=\"more-link\"><span class=\"screen-reader-text\">\u201eDie k\u00fcnstlich erzeugte Angst vor der F\u00fcnf-Grad-Erw\u00e4rmung | TE\u201c<\/span> weiterlesen<\/a><\/p>\n","protected":false},"author":26,"featured_media":0,"comment_status":"closed","ping_status":"closed","sticky":false,"template":"","format":"standard","meta":{"footnotes":""},"categories":[457],"tags":[310,322],"class_list":["post-27731","post","type-post","status-publish","format-standard","hentry","category-klimapolitik","tag-klimahysterie","tag-klimawandel"],"_links":{"self":[{"href":"http:\/\/www.vernunftkraft-hessen.de\/wordpress\/wp-json\/wp\/v2\/posts\/27731","targetHints":{"allow":["GET"]}}],"collection":[{"href":"http:\/\/www.vernunftkraft-hessen.de\/wordpress\/wp-json\/wp\/v2\/posts"}],"about":[{"href":"http:\/\/www.vernunftkraft-hessen.de\/wordpress\/wp-json\/wp\/v2\/types\/post"}],"author":[{"embeddable":true,"href":"http:\/\/www.vernunftkraft-hessen.de\/wordpress\/wp-json\/wp\/v2\/users\/26"}],"replies":[{"embeddable":true,"href":"http:\/\/www.vernunftkraft-hessen.de\/wordpress\/wp-json\/wp\/v2\/comments?post=27731"}],"version-history":[{"count":4,"href":"http:\/\/www.vernunftkraft-hessen.de\/wordpress\/wp-json\/wp\/v2\/posts\/27731\/revisions"}],"predecessor-version":[{"id":27735,"href":"http:\/\/www.vernunftkraft-hessen.de\/wordpress\/wp-json\/wp\/v2\/posts\/27731\/revisions\/27735"}],"wp:attachment":[{"href":"http:\/\/www.vernunftkraft-hessen.de\/wordpress\/wp-json\/wp\/v2\/media?parent=27731"}],"wp:term":[{"taxonomy":"category","embeddable":true,"href":"http:\/\/www.vernunftkraft-hessen.de\/wordpress\/wp-json\/wp\/v2\/categories?post=27731"},{"taxonomy":"post_tag","embeddable":true,"href":"http:\/\/www.vernunftkraft-hessen.de\/wordpress\/wp-json\/wp\/v2\/tags?post=27731"}],"curies":[{"name":"wp","href":"https:\/\/api.w.org\/{rel}","templated":true}]}}