{"id":27895,"date":"2021-09-17T03:46:47","date_gmt":"2021-09-17T01:46:47","guid":{"rendered":"http:\/\/www.vernunftkraft-hessen.de\/wordpress\/?p=27895"},"modified":"2021-09-17T03:48:07","modified_gmt":"2021-09-17T01:48:07","slug":"warum-findet-die-klimapolitik-so-viele-unterstuetzer-ist-sie-eine-umverteilungsstrategie-eike","status":"publish","type":"post","link":"http:\/\/www.vernunftkraft-hessen.de\/wordpress\/2021\/09\/17\/warum-findet-die-klimapolitik-so-viele-unterstuetzer-ist-sie-eine-umverteilungsstrategie-eike\/","title":{"rendered":"Warum findet die Klimapolitik so viele Unterst\u00fctzer? Ist sie eine Umverteilungsstrategie? | EIKE"},"content":{"rendered":"<blockquote><p><span style=\"font-size: 12pt;\"><strong>\u201eSchlechte Zeiten erzeugen starke M\u00e4nner, starke M\u00e4nner erzeugen gute Zeiten, gute Zeiten erzeugen schwache M\u00e4nner, schwache M\u00e4nner erzeugen schlechte Zeiten\u201c \u2013 Der Sinnspruch geht seit einigen Monaten in den sozialen Medien herum. Ist die Zyklik ein Naturgesetz? Welchen Hintergrund haben die einzelnen Phasen, welche Strategien stehen dahinter? Kann man dem Zyklus entkommen? Der Autor und Youtuber Philipp Anton Mende analysiert anhand biologischer und historischer Theorien.<\/strong><\/span><\/p><\/blockquote>\n<blockquote class=\"wp-embedded-content\" data-secret=\"YTrEJddVYX\"><p><a href=\"https:\/\/eike-klima-energie.eu\/2021\/09\/16\/warum-findet-die-klimapolitik-so-viele-unterstuetzer-ist-sie-eine-umverteilungsstrategie\/\">Warum findet die Klimapolitik so viele Unterst\u00fctzer? Ist sie eine Umverteilungsstrategie?<\/a><\/p><\/blockquote>\n<p><iframe loading=\"lazy\" class=\"wp-embedded-content\" sandbox=\"allow-scripts\" security=\"restricted\" style=\"position: absolute; clip: rect(1px, 1px, 1px, 1px);\" src=\"https:\/\/eike-klima-energie.eu\/2021\/09\/16\/warum-findet-die-klimapolitik-so-viele-unterstuetzer-ist-sie-eine-umverteilungsstrategie\/embed\/#?secret=YTrEJddVYX\" data-secret=\"YTrEJddVYX\" width=\"600\" height=\"338\" title=\"&#8222;Warum findet die Klimapolitik so viele Unterst\u00fctzer? Ist sie eine Umverteilungsstrategie?&#8220; &#8212; EIKE - Europ\u00e4isches Institut f\u00fcr Klima &amp; Energie\" frameborder=\"0\" marginwidth=\"0\" marginheight=\"0\" scrolling=\"no\"><\/iframe><\/p>\n<p>Weiterlesen: <em><a href=\"https:\/\/eike-klima-energie.eu\/2021\/09\/16\/warum-findet-die-klimapolitik-so-viele-unterstuetzer-ist-sie-eine-umverteilungsstrategie\/\" target=\"_blank\" rel=\"noopener noreferrer\">Warum findet die Klimapolitik so viele Unterst\u00fctzer? Ist sie eine Umverteilungsstrategie? | EIKE &#8211; Europ\u00e4isches Institut f\u00fcr Klima &amp; Energie<\/a><\/em><\/p>\n","protected":false},"excerpt":{"rendered":"<p>\u201eSchlechte Zeiten erzeugen starke M\u00e4nner, starke M\u00e4nner erzeugen gute Zeiten, gute Zeiten erzeugen schwache M\u00e4nner, schwache M\u00e4nner erzeugen schlechte Zeiten\u201c \u2013 Der Sinnspruch geht seit einigen Monaten in den sozialen Medien herum. Ist die Zyklik ein Naturgesetz? Welchen Hintergrund haben die einzelnen Phasen, welche Strategien stehen dahinter? Kann man dem Zyklus entkommen? Der Autor und &hellip; <a href=\"http:\/\/www.vernunftkraft-hessen.de\/wordpress\/2021\/09\/17\/warum-findet-die-klimapolitik-so-viele-unterstuetzer-ist-sie-eine-umverteilungsstrategie-eike\/\" class=\"more-link\"><span class=\"screen-reader-text\">\u201eWarum findet die Klimapolitik so viele Unterst\u00fctzer? Ist sie eine Umverteilungsstrategie? | EIKE\u201c<\/span> weiterlesen<\/a><\/p>\n","protected":false},"author":26,"featured_media":0,"comment_status":"closed","ping_status":"closed","sticky":false,"template":"","format":"standard","meta":{"footnotes":""},"categories":[457],"tags":[299,29,6,163],"class_list":["post-27895","post","type-post","status-publish","format-standard","hentry","category-klimapolitik","tag-klimapolitik","tag-parteien","tag-politik","tag-video"],"_links":{"self":[{"href":"http:\/\/www.vernunftkraft-hessen.de\/wordpress\/wp-json\/wp\/v2\/posts\/27895","targetHints":{"allow":["GET"]}}],"collection":[{"href":"http:\/\/www.vernunftkraft-hessen.de\/wordpress\/wp-json\/wp\/v2\/posts"}],"about":[{"href":"http:\/\/www.vernunftkraft-hessen.de\/wordpress\/wp-json\/wp\/v2\/types\/post"}],"author":[{"embeddable":true,"href":"http:\/\/www.vernunftkraft-hessen.de\/wordpress\/wp-json\/wp\/v2\/users\/26"}],"replies":[{"embeddable":true,"href":"http:\/\/www.vernunftkraft-hessen.de\/wordpress\/wp-json\/wp\/v2\/comments?post=27895"}],"version-history":[{"count":3,"href":"http:\/\/www.vernunftkraft-hessen.de\/wordpress\/wp-json\/wp\/v2\/posts\/27895\/revisions"}],"predecessor-version":[{"id":27898,"href":"http:\/\/www.vernunftkraft-hessen.de\/wordpress\/wp-json\/wp\/v2\/posts\/27895\/revisions\/27898"}],"wp:attachment":[{"href":"http:\/\/www.vernunftkraft-hessen.de\/wordpress\/wp-json\/wp\/v2\/media?parent=27895"}],"wp:term":[{"taxonomy":"category","embeddable":true,"href":"http:\/\/www.vernunftkraft-hessen.de\/wordpress\/wp-json\/wp\/v2\/categories?post=27895"},{"taxonomy":"post_tag","embeddable":true,"href":"http:\/\/www.vernunftkraft-hessen.de\/wordpress\/wp-json\/wp\/v2\/tags?post=27895"}],"curies":[{"name":"wp","href":"https:\/\/api.w.org\/{rel}","templated":true}]}}