{"id":28078,"date":"2021-09-25T00:32:54","date_gmt":"2021-09-24T22:32:54","guid":{"rendered":"http:\/\/www.vernunftkraft-hessen.de\/wordpress\/?p=28078"},"modified":"2021-09-25T03:34:11","modified_gmt":"2021-09-25T01:34:11","slug":"energiewende-deutschlands-offshore-dilemma-welt","status":"publish","type":"post","link":"http:\/\/www.vernunftkraft-hessen.de\/wordpress\/2021\/09\/25\/energiewende-deutschlands-offshore-dilemma-welt\/","title":{"rendered":"Energiewende: Deutschlands Offshore-Dilemma &#8211; WELT"},"content":{"rendered":"<blockquote><p><span style=\"font-size: 12pt;\"><strong>Nach einer neuen Studie der Windkraft-Industrie sollen Nord- und Ostsee zur wichtigsten Quelle von Elektrizit\u00e4t und Wasserstoff f\u00fcr Deutschland werden. Die Ausbaupl\u00e4ne sind gigantisch \u2013 und haben doch einen Haken. Denn Klimaschutz ist nicht gleich Umweltschutz.<\/strong><\/span><\/p><\/blockquote>\n<p>Weiterlesen: <em><a href=\"https:\/\/www.welt.de\/wirtschaft\/plus233952176\/Energiewende-Deutschlands-Offshore-Dilemma.html\" target=\"_blank\" rel=\"noopener noreferrer\">Energiewende: Deutschlands Offshore-Dilemma &#8211; WELT<\/a><\/em><\/p>\n","protected":false},"excerpt":{"rendered":"<p>Nach einer neuen Studie der Windkraft-Industrie sollen Nord- und Ostsee zur wichtigsten Quelle von Elektrizit\u00e4t und Wasserstoff f\u00fcr Deutschland werden. Die Ausbaupl\u00e4ne sind gigantisch \u2013 und haben doch einen Haken. Denn Klimaschutz ist nicht gleich Umweltschutz. Weiterlesen: Energiewende: Deutschlands Offshore-Dilemma &#8211; WELT<\/p>\n","protected":false},"author":26,"featured_media":0,"comment_status":"closed","ping_status":"closed","sticky":false,"template":"","format":"standard","meta":{"footnotes":""},"categories":[222],"tags":[253,244,402,49],"class_list":["post-28078","post","type-post","status-publish","format-standard","hentry","category-energiepolitik","tag-klimaschutz","tag-offshore","tag-umweltschutz","tag-zubau"],"_links":{"self":[{"href":"http:\/\/www.vernunftkraft-hessen.de\/wordpress\/wp-json\/wp\/v2\/posts\/28078","targetHints":{"allow":["GET"]}}],"collection":[{"href":"http:\/\/www.vernunftkraft-hessen.de\/wordpress\/wp-json\/wp\/v2\/posts"}],"about":[{"href":"http:\/\/www.vernunftkraft-hessen.de\/wordpress\/wp-json\/wp\/v2\/types\/post"}],"author":[{"embeddable":true,"href":"http:\/\/www.vernunftkraft-hessen.de\/wordpress\/wp-json\/wp\/v2\/users\/26"}],"replies":[{"embeddable":true,"href":"http:\/\/www.vernunftkraft-hessen.de\/wordpress\/wp-json\/wp\/v2\/comments?post=28078"}],"version-history":[{"count":3,"href":"http:\/\/www.vernunftkraft-hessen.de\/wordpress\/wp-json\/wp\/v2\/posts\/28078\/revisions"}],"predecessor-version":[{"id":28081,"href":"http:\/\/www.vernunftkraft-hessen.de\/wordpress\/wp-json\/wp\/v2\/posts\/28078\/revisions\/28081"}],"wp:attachment":[{"href":"http:\/\/www.vernunftkraft-hessen.de\/wordpress\/wp-json\/wp\/v2\/media?parent=28078"}],"wp:term":[{"taxonomy":"category","embeddable":true,"href":"http:\/\/www.vernunftkraft-hessen.de\/wordpress\/wp-json\/wp\/v2\/categories?post=28078"},{"taxonomy":"post_tag","embeddable":true,"href":"http:\/\/www.vernunftkraft-hessen.de\/wordpress\/wp-json\/wp\/v2\/tags?post=28078"}],"curies":[{"name":"wp","href":"https:\/\/api.w.org\/{rel}","templated":true}]}}