{"id":28137,"date":"2021-09-27T05:14:23","date_gmt":"2021-09-27T03:14:23","guid":{"rendered":"http:\/\/www.vernunftkraft-hessen.de\/wordpress\/?p=28137"},"modified":"2021-09-27T05:15:34","modified_gmt":"2021-09-27T03:15:34","slug":"die-gruenen-co2-illusionen-und-die-wirklichkeit-te","status":"publish","type":"post","link":"http:\/\/www.vernunftkraft-hessen.de\/wordpress\/2021\/09\/27\/die-gruenen-co2-illusionen-und-die-wirklichkeit-te\/","title":{"rendered":"Die \u201egr\u00fcnen\u201c CO2-Illusionen \u2013 und die Wirklichkeit\u00a0 | TE"},"content":{"rendered":"<blockquote><p><span style=\"font-size: 12pt;\"><strong>Die deutsche Umweltpolitik hat den schlechtesten aller Wege zum Klimaschutz gew\u00e4hlt. Statt der Fixierung auf Elektromobilit\u00e4t, die nur Arbeitspl\u00e4tze in der Autoindustrie gef\u00e4hrdet, w\u00e4re Technologieoffenheit f\u00fcr alternative Kraftstoffe angebracht.<\/strong><\/span><\/p><\/blockquote>\n<blockquote class=\"wp-embedded-content\" data-secret=\"HE9ajZ7FqN\"><p><a href=\"https:\/\/www.tichyseinblick.de\/meinungen\/die-gruenen-co2-illusionen-und-die-wirklichkeit\/\">Die \u201egr\u00fcnen\u201c CO2-Illusionen \u2013 und die Wirklichkeit \u00a0<\/a><\/p><\/blockquote>\n<p><iframe loading=\"lazy\" class=\"wp-embedded-content\" sandbox=\"allow-scripts\" security=\"restricted\" style=\"position: absolute; clip: rect(1px, 1px, 1px, 1px);\" src=\"https:\/\/www.tichyseinblick.de\/meinungen\/die-gruenen-co2-illusionen-und-die-wirklichkeit\/embed\/#?secret=HE9ajZ7FqN\" data-secret=\"HE9ajZ7FqN\" width=\"600\" height=\"338\" title=\"&#8222;Die \u201egr\u00fcnen\u201c CO2-Illusionen \u2013 und die Wirklichkeit \u00a0&#8220; &#8212; Tichys Einblick\" frameborder=\"0\" marginwidth=\"0\" marginheight=\"0\" scrolling=\"no\"><\/iframe><\/p>\n<p>Weiterlesen: <em><a href=\"https:\/\/www.tichyseinblick.de\/meinungen\/die-gruenen-co2-illusionen-und-die-wirklichkeit\/\" target=\"_blank\" rel=\"noopener noreferrer\">Die \u201egr\u00fcnen\u201c CO2-Illusionen \u2013 und die Wirklichkeit \u00a0<\/a><\/em><\/p>\n","protected":false},"excerpt":{"rendered":"<p>Die deutsche Umweltpolitik hat den schlechtesten aller Wege zum Klimaschutz gew\u00e4hlt. Statt der Fixierung auf Elektromobilit\u00e4t, die nur Arbeitspl\u00e4tze in der Autoindustrie gef\u00e4hrdet, w\u00e4re Technologieoffenheit f\u00fcr alternative Kraftstoffe angebracht. Die \u201egr\u00fcnen\u201c CO2-Illusionen \u2013 und die Wirklichkeit \u00a0 Weiterlesen: Die \u201egr\u00fcnen\u201c CO2-Illusionen \u2013 und die Wirklichkeit \u00a0<\/p>\n","protected":false},"author":26,"featured_media":0,"comment_status":"closed","ping_status":"closed","sticky":false,"template":"","format":"standard","meta":{"footnotes":""},"categories":[457],"tags":[208,29,6],"class_list":["post-28137","post","type-post","status-publish","format-standard","hentry","category-klimapolitik","tag-e-mobilitaet","tag-parteien","tag-politik"],"_links":{"self":[{"href":"http:\/\/www.vernunftkraft-hessen.de\/wordpress\/wp-json\/wp\/v2\/posts\/28137","targetHints":{"allow":["GET"]}}],"collection":[{"href":"http:\/\/www.vernunftkraft-hessen.de\/wordpress\/wp-json\/wp\/v2\/posts"}],"about":[{"href":"http:\/\/www.vernunftkraft-hessen.de\/wordpress\/wp-json\/wp\/v2\/types\/post"}],"author":[{"embeddable":true,"href":"http:\/\/www.vernunftkraft-hessen.de\/wordpress\/wp-json\/wp\/v2\/users\/26"}],"replies":[{"embeddable":true,"href":"http:\/\/www.vernunftkraft-hessen.de\/wordpress\/wp-json\/wp\/v2\/comments?post=28137"}],"version-history":[{"count":2,"href":"http:\/\/www.vernunftkraft-hessen.de\/wordpress\/wp-json\/wp\/v2\/posts\/28137\/revisions"}],"predecessor-version":[{"id":28139,"href":"http:\/\/www.vernunftkraft-hessen.de\/wordpress\/wp-json\/wp\/v2\/posts\/28137\/revisions\/28139"}],"wp:attachment":[{"href":"http:\/\/www.vernunftkraft-hessen.de\/wordpress\/wp-json\/wp\/v2\/media?parent=28137"}],"wp:term":[{"taxonomy":"category","embeddable":true,"href":"http:\/\/www.vernunftkraft-hessen.de\/wordpress\/wp-json\/wp\/v2\/categories?post=28137"},{"taxonomy":"post_tag","embeddable":true,"href":"http:\/\/www.vernunftkraft-hessen.de\/wordpress\/wp-json\/wp\/v2\/tags?post=28137"}],"curies":[{"name":"wp","href":"https:\/\/api.w.org\/{rel}","templated":true}]}}