{"id":28167,"date":"2021-09-29T01:55:56","date_gmt":"2021-09-28T23:55:56","guid":{"rendered":"http:\/\/www.vernunftkraft-hessen.de\/wordpress\/?p=28167"},"modified":"2021-09-29T01:55:56","modified_gmt":"2021-09-28T23:55:56","slug":"woher-kommt-der-strom-37-woche-die-macht-des-faktischen-achgut-com","status":"publish","type":"post","link":"http:\/\/www.vernunftkraft-hessen.de\/wordpress\/2021\/09\/29\/woher-kommt-der-strom-37-woche-die-macht-des-faktischen-achgut-com\/","title":{"rendered":"Woher kommt der Strom? 37. Woche \u2013 Die Macht des Faktischen | achgut.com"},"content":{"rendered":"<p><strong>Es kommt offensichtlich Bewegung in die\u00a0Klima-Debatte.<br \/>\n\u201eKlima rettendes\u201c Wunschdenken, verbunden mit wirren Umgestaltungsgedanken der Gesellschaft Richtung Planwirtschaft, st\u00f6\u00dft immer mehr auf die Fakten.<\/strong><\/p>\n<p><em><strong>Strom- und Gaspreise steigen in ungeahnte H\u00f6hen. In der aktuell analysierten KW 37 (<a href=\"https:\/\/www.stromdaten.info\/abbildungen-mehr-zum-artikel-vom-28-9-2021\/#a0\" target=\"_blank\" rel=\"noopener noreferrer\">Abbildung<\/a>) lagen die Strompreise die ersten sechs\u00a0Tage\u00a0immer \u00fcber 100 \u20ac\/MWh. Lediglich am Sonntag, als der Bedarf gering und die Strommenge gro\u00df war, erzielte Deutschlands Exportstrom um die 70 \u20ac\/MWh. Zu Vorabend allerdings flossen \u00fcber 170 \u20ac\/MWh\u00a0in deutsche Kassen (<a href=\"https:\/\/www.stromdaten.info\/abbildungen-mehr-zum-artikel-vom-28-9-2021\/#a1\" target=\"_blank\" rel=\"noopener noreferrer\">Abbildung 1<\/a>).<\/strong><\/em><\/p>\n<p><a href=\"https:\/\/www.achgut.com\/artikel\/woher_kommt_der_strom_37._woche_die_macht_des_faktischen\" target=\"_blank\" rel=\"noopener noreferrer\">Weiterlesen<\/a><\/p>\n<p>Die bisherigen Artikel der Kolumne Woher kommt der Strom? mit jeweils einer kurzen Inhaltserl\u00e4uterung finden Sie <a href=\"http:\/\/www.mediagnose.de\/2019\/02\/20\/inhaltsverzeichnis\/\" target=\"_blank\" rel=\"noopener noreferrer\">hier<\/a>.<\/p>\n","protected":false},"excerpt":{"rendered":"<p>Es kommt offensichtlich Bewegung in die\u00a0Klima-Debatte. \u201eKlima rettendes\u201c Wunschdenken, verbunden mit wirren Umgestaltungsgedanken der Gesellschaft Richtung Planwirtschaft, st\u00f6\u00dft immer mehr auf die Fakten. Strom- und Gaspreise steigen in ungeahnte H\u00f6hen. In der aktuell analysierten KW 37 (Abbildung) lagen die Strompreise die ersten sechs\u00a0Tage\u00a0immer \u00fcber 100 \u20ac\/MWh. Lediglich am Sonntag, als der Bedarf gering und die &hellip; <a href=\"http:\/\/www.vernunftkraft-hessen.de\/wordpress\/2021\/09\/29\/woher-kommt-der-strom-37-woche-die-macht-des-faktischen-achgut-com\/\" class=\"more-link\"><span class=\"screen-reader-text\">\u201eWoher kommt der Strom? 37. Woche \u2013 Die Macht des Faktischen | achgut.com\u201c<\/span> weiterlesen<\/a><\/p>\n","protected":false},"author":26,"featured_media":0,"comment_status":"closed","ping_status":"closed","sticky":false,"template":"","format":"standard","meta":{"footnotes":""},"categories":[222],"tags":[175,17,299,251,61,28,36,250],"class_list":["post-28167","post","type-post","status-publish","format-standard","hentry","category-energiepolitik","tag-energiepolitik","tag-energiewende","tag-klimapolitik","tag-planwirtschaft","tag-strommarkt","tag-strompreis","tag-stromversorgung","tag-versorgungssicherheit"],"_links":{"self":[{"href":"http:\/\/www.vernunftkraft-hessen.de\/wordpress\/wp-json\/wp\/v2\/posts\/28167","targetHints":{"allow":["GET"]}}],"collection":[{"href":"http:\/\/www.vernunftkraft-hessen.de\/wordpress\/wp-json\/wp\/v2\/posts"}],"about":[{"href":"http:\/\/www.vernunftkraft-hessen.de\/wordpress\/wp-json\/wp\/v2\/types\/post"}],"author":[{"embeddable":true,"href":"http:\/\/www.vernunftkraft-hessen.de\/wordpress\/wp-json\/wp\/v2\/users\/26"}],"replies":[{"embeddable":true,"href":"http:\/\/www.vernunftkraft-hessen.de\/wordpress\/wp-json\/wp\/v2\/comments?post=28167"}],"version-history":[{"count":1,"href":"http:\/\/www.vernunftkraft-hessen.de\/wordpress\/wp-json\/wp\/v2\/posts\/28167\/revisions"}],"predecessor-version":[{"id":28168,"href":"http:\/\/www.vernunftkraft-hessen.de\/wordpress\/wp-json\/wp\/v2\/posts\/28167\/revisions\/28168"}],"wp:attachment":[{"href":"http:\/\/www.vernunftkraft-hessen.de\/wordpress\/wp-json\/wp\/v2\/media?parent=28167"}],"wp:term":[{"taxonomy":"category","embeddable":true,"href":"http:\/\/www.vernunftkraft-hessen.de\/wordpress\/wp-json\/wp\/v2\/categories?post=28167"},{"taxonomy":"post_tag","embeddable":true,"href":"http:\/\/www.vernunftkraft-hessen.de\/wordpress\/wp-json\/wp\/v2\/tags?post=28167"}],"curies":[{"name":"wp","href":"https:\/\/api.w.org\/{rel}","templated":true}]}}