{"id":28281,"date":"2021-10-05T02:55:33","date_gmt":"2021-10-05T00:55:33","guid":{"rendered":"http:\/\/www.vernunftkraft-hessen.de\/wordpress\/?p=28281"},"modified":"2021-10-05T02:56:49","modified_gmt":"2021-10-05T00:56:49","slug":"kann-gruene-energie-eine-globale-verknappung-von-lebensmitteln-verursachen-eike","status":"publish","type":"post","link":"http:\/\/www.vernunftkraft-hessen.de\/wordpress\/2021\/10\/05\/kann-gruene-energie-eine-globale-verknappung-von-lebensmitteln-verursachen-eike\/","title":{"rendered":"Kann \u201eGr\u00fcne\u201c Energie eine globale Verknappung von Lebensmitteln verursachen? | EIKE"},"content":{"rendered":"<blockquote><p><span style=\"font-size: 12pt;\"><strong>China ist einer der gr\u00f6\u00dften Lebensmittelproduzenten der Welt. K\u00fcrzlich f\u00fchrte ein akuter Strommangel dort zu einem R\u00fcckgang der Nahrungsmittelproduktion. Dies versetzte die M\u00e4rkte in Panik. Es k\u00f6nnte zu einer weltweiten Lebensmittelknappheit und einem Preisanstieg kommen.<\/strong><\/span><\/p><\/blockquote>\n<p>Weiterlesen: <em><a href=\"https:\/\/eike-klima-energie.eu\/2021\/10\/04\/kann-gruene-energie-eine-globale-verknappung-von-lebensmitteln-verursachen\/\" target=\"_blank\" rel=\"noopener noreferrer\">Kann \u201eGr\u00fcne\u201c Energie eine globale Verknappung von Lebensmitteln verursachen? | EIKE &#8211; Europ\u00e4isches Institut f\u00fcr Klima &amp; Energie<\/a><\/em><\/p>\n","protected":false},"excerpt":{"rendered":"<p>China ist einer der gr\u00f6\u00dften Lebensmittelproduzenten der Welt. K\u00fcrzlich f\u00fchrte ein akuter Strommangel dort zu einem R\u00fcckgang der Nahrungsmittelproduktion. Dies versetzte die M\u00e4rkte in Panik. Es k\u00f6nnte zu einer weltweiten Lebensmittelknappheit und einem Preisanstieg kommen. Weiterlesen: Kann \u201eGr\u00fcne\u201c Energie eine globale Verknappung von Lebensmitteln verursachen? | EIKE &#8211; Europ\u00e4isches Institut f\u00fcr Klima &amp; Energie<\/p>\n","protected":false},"author":26,"featured_media":0,"comment_status":"closed","ping_status":"closed","sticky":false,"template":"","format":"standard","meta":{"footnotes":""},"categories":[70],"tags":[52,578],"class_list":["post-28281","post","type-post","status-publish","format-standard","hentry","category-strommarkt","tag-kosten","tag-strommangel"],"_links":{"self":[{"href":"http:\/\/www.vernunftkraft-hessen.de\/wordpress\/wp-json\/wp\/v2\/posts\/28281","targetHints":{"allow":["GET"]}}],"collection":[{"href":"http:\/\/www.vernunftkraft-hessen.de\/wordpress\/wp-json\/wp\/v2\/posts"}],"about":[{"href":"http:\/\/www.vernunftkraft-hessen.de\/wordpress\/wp-json\/wp\/v2\/types\/post"}],"author":[{"embeddable":true,"href":"http:\/\/www.vernunftkraft-hessen.de\/wordpress\/wp-json\/wp\/v2\/users\/26"}],"replies":[{"embeddable":true,"href":"http:\/\/www.vernunftkraft-hessen.de\/wordpress\/wp-json\/wp\/v2\/comments?post=28281"}],"version-history":[{"count":3,"href":"http:\/\/www.vernunftkraft-hessen.de\/wordpress\/wp-json\/wp\/v2\/posts\/28281\/revisions"}],"predecessor-version":[{"id":28284,"href":"http:\/\/www.vernunftkraft-hessen.de\/wordpress\/wp-json\/wp\/v2\/posts\/28281\/revisions\/28284"}],"wp:attachment":[{"href":"http:\/\/www.vernunftkraft-hessen.de\/wordpress\/wp-json\/wp\/v2\/media?parent=28281"}],"wp:term":[{"taxonomy":"category","embeddable":true,"href":"http:\/\/www.vernunftkraft-hessen.de\/wordpress\/wp-json\/wp\/v2\/categories?post=28281"},{"taxonomy":"post_tag","embeddable":true,"href":"http:\/\/www.vernunftkraft-hessen.de\/wordpress\/wp-json\/wp\/v2\/tags?post=28281"}],"curies":[{"name":"wp","href":"https:\/\/api.w.org\/{rel}","templated":true}]}}