{"id":28570,"date":"2021-10-17T22:18:55","date_gmt":"2021-10-17T20:18:55","guid":{"rendered":"http:\/\/www.vernunftkraft-hessen.de\/wordpress\/?p=28570"},"modified":"2021-10-17T22:21:15","modified_gmt":"2021-10-17T20:21:15","slug":"mit-der-energiewende-entschlossen-in-ein-gruenes-nirwana","status":"publish","type":"post","link":"http:\/\/www.vernunftkraft-hessen.de\/wordpress\/2021\/10\/17\/mit-der-energiewende-entschlossen-in-ein-gruenes-nirwana\/","title":{"rendered":"Mit der Energiewende entschlossen in ein gr\u00fcnes Nirwana | TE"},"content":{"rendered":"<p>Von Roland Tichy<\/p>\n<blockquote><p><span style=\"font-size: 12pt;\"><strong>Nur ein schlechter Witz? Vielleicht. Sicher ist: Die bewusste Zerst\u00f6rung der Kraftwerke, die W\u00e4rme f\u00fcr private Haushalte und Strom f\u00fcr B\u00fcrger sowie Industrie aus Kohle und Atom herstellten, grenzt an wirtschaftlichen Selbstmord. Die Hoffnung, dass nachts die Sonne auf Anordnung der Bundesregierung scheinen und der Wind ebenso regelm\u00e4\u00dfig wie kr\u00e4ftig wehen m\u00f6ge, erweist sich als illusion\u00e4r. In diesem Jahr ist trotz einer wachsenden Anzahl von Windr\u00e4dern ihre Stromproduktion um 40% gefallen \u2013 der Wind, das himmliscvhe Kind, ist ein unzuverl\u00e4ssiger Geselle.<\/strong><\/span><\/p><\/blockquote>\n<blockquote class=\"wp-embedded-content\" data-secret=\"5t93kChAuB\"><p><a href=\"https:\/\/www.tichyseinblick.de\/feuilleton\/buecher\/mit-der-energiewende-entschlossen-in-ein-gruenes-nirwana\/\">Mit der Energiewende entschlossen in ein gr\u00fcnes Nirwana<\/a><\/p><\/blockquote>\n<p><iframe loading=\"lazy\" class=\"wp-embedded-content\" sandbox=\"allow-scripts\" security=\"restricted\" style=\"position: absolute; clip: rect(1px, 1px, 1px, 1px);\" src=\"https:\/\/www.tichyseinblick.de\/feuilleton\/buecher\/mit-der-energiewende-entschlossen-in-ein-gruenes-nirwana\/embed\/#?secret=5t93kChAuB\" data-secret=\"5t93kChAuB\" width=\"600\" height=\"338\" title=\"&#8222;Mit der Energiewende entschlossen in ein gr\u00fcnes Nirwana&#8220; &#8212; Tichys Einblick\" frameborder=\"0\" marginwidth=\"0\" marginheight=\"0\" scrolling=\"no\"><\/iframe><\/p>\n<p>Weiterlesen: <em><a href=\"https:\/\/www.tichyseinblick.de\/feuilleton\/buecher\/mit-der-energiewende-entschlossen-in-ein-gruenes-nirwana\/\" target=\"_blank\" rel=\"noopener noreferrer\">Mit der Energiewende entschlossen in ein gr\u00fcnes Nirwana<\/a><\/em><\/p>\n","protected":false},"excerpt":{"rendered":"<p>Von Roland Tichy Nur ein schlechter Witz? Vielleicht. Sicher ist: Die bewusste Zerst\u00f6rung der Kraftwerke, die W\u00e4rme f\u00fcr private Haushalte und Strom f\u00fcr B\u00fcrger sowie Industrie aus Kohle und Atom herstellten, grenzt an wirtschaftlichen Selbstmord. Die Hoffnung, dass nachts die Sonne auf Anordnung der Bundesregierung scheinen und der Wind ebenso regelm\u00e4\u00dfig wie kr\u00e4ftig wehen m\u00f6ge, &hellip; <a href=\"http:\/\/www.vernunftkraft-hessen.de\/wordpress\/2021\/10\/17\/mit-der-energiewende-entschlossen-in-ein-gruenes-nirwana\/\" class=\"more-link\"><span class=\"screen-reader-text\">\u201eMit der Energiewende entschlossen in ein gr\u00fcnes Nirwana | TE\u201c<\/span> weiterlesen<\/a><\/p>\n","protected":false},"author":26,"featured_media":0,"comment_status":"closed","ping_status":"closed","sticky":false,"template":"","format":"standard","meta":{"footnotes":""},"categories":[222],"tags":[17,52,36,250],"class_list":["post-28570","post","type-post","status-publish","format-standard","hentry","category-energiepolitik","tag-energiewende","tag-kosten","tag-stromversorgung","tag-versorgungssicherheit"],"_links":{"self":[{"href":"http:\/\/www.vernunftkraft-hessen.de\/wordpress\/wp-json\/wp\/v2\/posts\/28570","targetHints":{"allow":["GET"]}}],"collection":[{"href":"http:\/\/www.vernunftkraft-hessen.de\/wordpress\/wp-json\/wp\/v2\/posts"}],"about":[{"href":"http:\/\/www.vernunftkraft-hessen.de\/wordpress\/wp-json\/wp\/v2\/types\/post"}],"author":[{"embeddable":true,"href":"http:\/\/www.vernunftkraft-hessen.de\/wordpress\/wp-json\/wp\/v2\/users\/26"}],"replies":[{"embeddable":true,"href":"http:\/\/www.vernunftkraft-hessen.de\/wordpress\/wp-json\/wp\/v2\/comments?post=28570"}],"version-history":[{"count":3,"href":"http:\/\/www.vernunftkraft-hessen.de\/wordpress\/wp-json\/wp\/v2\/posts\/28570\/revisions"}],"predecessor-version":[{"id":28573,"href":"http:\/\/www.vernunftkraft-hessen.de\/wordpress\/wp-json\/wp\/v2\/posts\/28570\/revisions\/28573"}],"wp:attachment":[{"href":"http:\/\/www.vernunftkraft-hessen.de\/wordpress\/wp-json\/wp\/v2\/media?parent=28570"}],"wp:term":[{"taxonomy":"category","embeddable":true,"href":"http:\/\/www.vernunftkraft-hessen.de\/wordpress\/wp-json\/wp\/v2\/categories?post=28570"},{"taxonomy":"post_tag","embeddable":true,"href":"http:\/\/www.vernunftkraft-hessen.de\/wordpress\/wp-json\/wp\/v2\/tags?post=28570"}],"curies":[{"name":"wp","href":"https:\/\/api.w.org\/{rel}","templated":true}]}}