{"id":28635,"date":"2021-10-20T04:48:43","date_gmt":"2021-10-20T02:48:43","guid":{"rendered":"http:\/\/www.vernunftkraft-hessen.de\/wordpress\/?p=28635"},"modified":"2021-10-20T04:49:21","modified_gmt":"2021-10-20T02:49:21","slug":"offener-brief-liebes-deutschland-bitte-lass-die-kernkraftwerke-am-netz-welt","status":"publish","type":"post","link":"http:\/\/www.vernunftkraft-hessen.de\/wordpress\/2021\/10\/20\/offener-brief-liebes-deutschland-bitte-lass-die-kernkraftwerke-am-netz-welt\/","title":{"rendered":"Offener Brief: Liebes Deutschland, bitte lass die Kernkraftwerke am Netz &#8211; WELT"},"content":{"rendered":"<blockquote><p><span style=\"font-size: 12pt;\"><strong>Deutschland droht sein Klimaziel f\u00fcr 2030 zu verpassen, allen M\u00fchen zum Trotz. Der Ausstieg aus der Atomkraft wird die Kohlenstoff-Emissionen nur noch weiter erh\u00f6hen. Das muss verhindert werden. Offener Brief f\u00fchrender internationaler Experten an alle Deutschen.<\/strong><\/span><\/p><\/blockquote>\n<p>Weiterlesen: <em><a href=\"https:\/\/www.welt.de\/debatte\/kommentare\/article234364140\/Offener-Brief-Liebes-Deutschland-bitte-lass-die-Kernkraftwerke-am-Netz.html?fbclid=IwAR3iKPXgFhFGaCjVebDbFXFJpPzVGzoExjX6SFr4Fl_YuH_cp_4qd-YE4FY\" target=\"_blank\" rel=\"noopener noreferrer\">Offener Brief: Liebes Deutschland, bitte lass die Kernkraftwerke am Netz &#8211; WELT<\/a><\/em><\/p>\n","protected":false},"excerpt":{"rendered":"<p>Deutschland droht sein Klimaziel f\u00fcr 2030 zu verpassen, allen M\u00fchen zum Trotz. Der Ausstieg aus der Atomkraft wird die Kohlenstoff-Emissionen nur noch weiter erh\u00f6hen. Das muss verhindert werden. Offener Brief f\u00fchrender internationaler Experten an alle Deutschen. Weiterlesen: Offener Brief: Liebes Deutschland, bitte lass die Kernkraftwerke am Netz &#8211; WELT<\/p>\n","protected":false},"author":26,"featured_media":0,"comment_status":"closed","ping_status":"closed","sticky":false,"template":"","format":"standard","meta":{"footnotes":""},"categories":[457],"tags":[142,175,299],"class_list":["post-28635","post","type-post","status-publish","format-standard","hentry","category-klimapolitik","tag-atomausstieg","tag-energiepolitik","tag-klimapolitik"],"_links":{"self":[{"href":"http:\/\/www.vernunftkraft-hessen.de\/wordpress\/wp-json\/wp\/v2\/posts\/28635","targetHints":{"allow":["GET"]}}],"collection":[{"href":"http:\/\/www.vernunftkraft-hessen.de\/wordpress\/wp-json\/wp\/v2\/posts"}],"about":[{"href":"http:\/\/www.vernunftkraft-hessen.de\/wordpress\/wp-json\/wp\/v2\/types\/post"}],"author":[{"embeddable":true,"href":"http:\/\/www.vernunftkraft-hessen.de\/wordpress\/wp-json\/wp\/v2\/users\/26"}],"replies":[{"embeddable":true,"href":"http:\/\/www.vernunftkraft-hessen.de\/wordpress\/wp-json\/wp\/v2\/comments?post=28635"}],"version-history":[{"count":2,"href":"http:\/\/www.vernunftkraft-hessen.de\/wordpress\/wp-json\/wp\/v2\/posts\/28635\/revisions"}],"predecessor-version":[{"id":28637,"href":"http:\/\/www.vernunftkraft-hessen.de\/wordpress\/wp-json\/wp\/v2\/posts\/28635\/revisions\/28637"}],"wp:attachment":[{"href":"http:\/\/www.vernunftkraft-hessen.de\/wordpress\/wp-json\/wp\/v2\/media?parent=28635"}],"wp:term":[{"taxonomy":"category","embeddable":true,"href":"http:\/\/www.vernunftkraft-hessen.de\/wordpress\/wp-json\/wp\/v2\/categories?post=28635"},{"taxonomy":"post_tag","embeddable":true,"href":"http:\/\/www.vernunftkraft-hessen.de\/wordpress\/wp-json\/wp\/v2\/tags?post=28635"}],"curies":[{"name":"wp","href":"https:\/\/api.w.org\/{rel}","templated":true}]}}