{"id":28650,"date":"2021-10-20T05:20:59","date_gmt":"2021-10-20T03:20:59","guid":{"rendered":"http:\/\/www.vernunftkraft-hessen.de\/wordpress\/?p=28650"},"modified":"2021-10-20T05:20:59","modified_gmt":"2021-10-20T03:20:59","slug":"woher-kommt-der-strom-woche-40-preisweltrekord","status":"publish","type":"post","link":"http:\/\/www.vernunftkraft-hessen.de\/wordpress\/2021\/10\/20\/woher-kommt-der-strom-woche-40-preisweltrekord\/","title":{"rendered":"Woher kommt der Strom? Woche 40 \u2013 Preisweltrekord"},"content":{"rendered":"<p>Von R\u00fcdiger Stobbe<\/p>\n<p><em><strong>Am \u201eTeuren Donnerstag&#8221; findet Windstromerzeugung praktisch nicht statt. Um die Stroml\u00fccke zu schlie\u00dfen, m\u00fcssen am fr\u00fchen Abend 442,90 Euro pro Megawattstunde berappt werden.<\/strong><\/em><\/p>\n<p><a href=\"https:\/\/www.achgut.com\/artikel\/woher_kommt_der_strom_woche_40_preisweltrekord\" target=\"_blank\" rel=\"noopener noreferrer\">Weiterlesen<\/a><\/p>\n<p>Die bisherigen Artikel der Kolumne Woher kommt der Strom? mit jeweils einer kurzen Inhaltserl\u00e4uterung finden Sie <a href=\"http:\/\/www.mediagnose.de\/2019\/02\/20\/inhaltsverzeichnis\/\" target=\"_blank\" rel=\"noopener noreferrer\">hier<\/a>.<\/p>\n","protected":false},"excerpt":{"rendered":"<p>Von R\u00fcdiger Stobbe Am \u201eTeuren Donnerstag&#8221; findet Windstromerzeugung praktisch nicht statt. Um die Stroml\u00fccke zu schlie\u00dfen, m\u00fcssen am fr\u00fchen Abend 442,90 Euro pro Megawattstunde berappt werden. Weiterlesen Die bisherigen Artikel der Kolumne Woher kommt der Strom? mit jeweils einer kurzen Inhaltserl\u00e4uterung finden Sie hier.<\/p>\n","protected":false},"author":26,"featured_media":0,"comment_status":"closed","ping_status":"closed","sticky":false,"template":"","format":"standard","meta":{"footnotes":""},"categories":[222],"tags":[175,17,52,28,36,250],"class_list":["post-28650","post","type-post","status-publish","format-standard","hentry","category-energiepolitik","tag-energiepolitik","tag-energiewende","tag-kosten","tag-strompreis","tag-stromversorgung","tag-versorgungssicherheit"],"_links":{"self":[{"href":"http:\/\/www.vernunftkraft-hessen.de\/wordpress\/wp-json\/wp\/v2\/posts\/28650","targetHints":{"allow":["GET"]}}],"collection":[{"href":"http:\/\/www.vernunftkraft-hessen.de\/wordpress\/wp-json\/wp\/v2\/posts"}],"about":[{"href":"http:\/\/www.vernunftkraft-hessen.de\/wordpress\/wp-json\/wp\/v2\/types\/post"}],"author":[{"embeddable":true,"href":"http:\/\/www.vernunftkraft-hessen.de\/wordpress\/wp-json\/wp\/v2\/users\/26"}],"replies":[{"embeddable":true,"href":"http:\/\/www.vernunftkraft-hessen.de\/wordpress\/wp-json\/wp\/v2\/comments?post=28650"}],"version-history":[{"count":1,"href":"http:\/\/www.vernunftkraft-hessen.de\/wordpress\/wp-json\/wp\/v2\/posts\/28650\/revisions"}],"predecessor-version":[{"id":28651,"href":"http:\/\/www.vernunftkraft-hessen.de\/wordpress\/wp-json\/wp\/v2\/posts\/28650\/revisions\/28651"}],"wp:attachment":[{"href":"http:\/\/www.vernunftkraft-hessen.de\/wordpress\/wp-json\/wp\/v2\/media?parent=28650"}],"wp:term":[{"taxonomy":"category","embeddable":true,"href":"http:\/\/www.vernunftkraft-hessen.de\/wordpress\/wp-json\/wp\/v2\/categories?post=28650"},{"taxonomy":"post_tag","embeddable":true,"href":"http:\/\/www.vernunftkraft-hessen.de\/wordpress\/wp-json\/wp\/v2\/tags?post=28650"}],"curies":[{"name":"wp","href":"https:\/\/api.w.org\/{rel}","templated":true}]}}