{"id":28847,"date":"2021-10-28T23:01:48","date_gmt":"2021-10-28T21:01:48","guid":{"rendered":"http:\/\/www.vernunftkraft-hessen.de\/wordpress\/?p=28847"},"modified":"2021-10-28T23:06:39","modified_gmt":"2021-10-28T21:06:39","slug":"die-zwei-prozent-legende-hieronymus","status":"publish","type":"post","link":"http:\/\/www.vernunftkraft-hessen.de\/wordpress\/2021\/10\/28\/die-zwei-prozent-legende-hieronymus\/","title":{"rendered":"Die Zwei-Prozent-Legende \u2013 Hieronymus"},"content":{"rendered":"<blockquote><p><span style=\"font-size: 12pt;\"><strong><a href=\"http:\/\/www.vernunftkraft-hessen.de\/wordpress\/wp-content\/uploads\/2021\/10\/WKA-GEDICHT.png\"><img loading=\"lazy\" decoding=\"async\" class=\"alignright wp-image-28850 \" src=\"http:\/\/www.vernunftkraft-hessen.de\/wordpress\/wp-content\/uploads\/2021\/10\/WKA-GEDICHT.png\" alt=\"\" width=\"189\" height=\"217\" srcset=\"http:\/\/www.vernunftkraft-hessen.de\/wordpress\/wp-content\/uploads\/2021\/10\/WKA-GEDICHT.png 383w, http:\/\/www.vernunftkraft-hessen.de\/wordpress\/wp-content\/uploads\/2021\/10\/WKA-GEDICHT-261x300.png 261w\" sizes=\"auto, (max-width: 189px) 85vw, 189px\" \/><\/a>Partei\u00fcbergreifend sind sich inzwischen fast alle einig \u2013 vor wie nach der Bundestagswahl: Nach dem beschlossenen Ausstieg aus Kohle, \u00d6l, Erdgas und vorneweg aus der Kernkraft, dem im Ausland mit Skepsis be\u00e4ugten deutschen Sonderweg, m\u00fcssen es jetzt die regenerativen Energietr\u00e4ger allein richten, allen voran Fotovoltaik und Windenergie. Was jedoch nicht hei\u00dfen soll, dass jeglicher Widerstand speziell gegen den Ausbau der Letzteren jetzt endg\u00fcltig abgeflaut w\u00e4re.<\/strong><\/span><\/p><\/blockquote>\n<p>Weiterlesen: <em><a href=\"https:\/\/hieronymus-online.de\/die-zwei-prozent-legende\/?fbclid=IwAR33Gz48YOayUMyDZ-WbpJo_P-FjBh6rRXTvQftKa_Bu5qNxq8-gp0uhIfc\" target=\"_blank\" rel=\"noopener noreferrer\">Die Zwei-Prozent-Legende \u2013 Hieronymus<\/a><\/em><\/p>\n<p>&nbsp;<\/p>\n","protected":false},"excerpt":{"rendered":"<p>Partei\u00fcbergreifend sind sich inzwischen fast alle einig \u2013 vor wie nach der Bundestagswahl: Nach dem beschlossenen Ausstieg aus Kohle, \u00d6l, Erdgas und vorneweg aus der Kernkraft, dem im Ausland mit Skepsis be\u00e4ugten deutschen Sonderweg, m\u00fcssen es jetzt die regenerativen Energietr\u00e4ger allein richten, allen voran Fotovoltaik und Windenergie. Was jedoch nicht hei\u00dfen soll, dass jeglicher Widerstand &hellip; <a href=\"http:\/\/www.vernunftkraft-hessen.de\/wordpress\/2021\/10\/28\/die-zwei-prozent-legende-hieronymus\/\" class=\"more-link\"><span class=\"screen-reader-text\">\u201eDie Zwei-Prozent-Legende \u2013 Hieronymus\u201c<\/span> weiterlesen<\/a><\/p>\n","protected":false},"author":26,"featured_media":0,"comment_status":"closed","ping_status":"closed","sticky":false,"template":"","format":"standard","meta":{"footnotes":""},"categories":[222],"tags":[175,17,29,6,63],"class_list":["post-28847","post","type-post","status-publish","format-standard","hentry","category-energiepolitik","tag-energiepolitik","tag-energiewende","tag-parteien","tag-politik","tag-widerstand"],"_links":{"self":[{"href":"http:\/\/www.vernunftkraft-hessen.de\/wordpress\/wp-json\/wp\/v2\/posts\/28847","targetHints":{"allow":["GET"]}}],"collection":[{"href":"http:\/\/www.vernunftkraft-hessen.de\/wordpress\/wp-json\/wp\/v2\/posts"}],"about":[{"href":"http:\/\/www.vernunftkraft-hessen.de\/wordpress\/wp-json\/wp\/v2\/types\/post"}],"author":[{"embeddable":true,"href":"http:\/\/www.vernunftkraft-hessen.de\/wordpress\/wp-json\/wp\/v2\/users\/26"}],"replies":[{"embeddable":true,"href":"http:\/\/www.vernunftkraft-hessen.de\/wordpress\/wp-json\/wp\/v2\/comments?post=28847"}],"version-history":[{"count":3,"href":"http:\/\/www.vernunftkraft-hessen.de\/wordpress\/wp-json\/wp\/v2\/posts\/28847\/revisions"}],"predecessor-version":[{"id":28851,"href":"http:\/\/www.vernunftkraft-hessen.de\/wordpress\/wp-json\/wp\/v2\/posts\/28847\/revisions\/28851"}],"wp:attachment":[{"href":"http:\/\/www.vernunftkraft-hessen.de\/wordpress\/wp-json\/wp\/v2\/media?parent=28847"}],"wp:term":[{"taxonomy":"category","embeddable":true,"href":"http:\/\/www.vernunftkraft-hessen.de\/wordpress\/wp-json\/wp\/v2\/categories?post=28847"},{"taxonomy":"post_tag","embeddable":true,"href":"http:\/\/www.vernunftkraft-hessen.de\/wordpress\/wp-json\/wp\/v2\/tags?post=28847"}],"curies":[{"name":"wp","href":"https:\/\/api.w.org\/{rel}","templated":true}]}}