{"id":29106,"date":"2021-11-05T04:04:11","date_gmt":"2021-11-05T03:04:11","guid":{"rendered":"http:\/\/www.vernunftkraft-hessen.de\/wordpress\/?p=29106"},"modified":"2021-11-05T04:05:41","modified_gmt":"2021-11-05T03:05:41","slug":"wie-fuehlt-sich-ein-stromausfall-an-ein-video-aus-frankfurt-hoechst-zeigt-es-uns-eike","status":"publish","type":"post","link":"http:\/\/www.vernunftkraft-hessen.de\/wordpress\/2021\/11\/05\/wie-fuehlt-sich-ein-stromausfall-an-ein-video-aus-frankfurt-hoechst-zeigt-es-uns-eike\/","title":{"rendered":"Wie f\u00fchlt sich ein Stromausfall an? Ein Video aus Frankfurt-H\u00f6chst zeigt es uns | EIKE"},"content":{"rendered":"<blockquote><p><span style=\"font-size: 12pt;\"><strong>Die internationale Energiekrise und der deutsche Flatterstrom aus den viel zu zahlreichen PV- und Windkraftanlagen macht Stromausf\u00e4lle, fl\u00e4chendeckend als BLACKOUT bezeichnet, im erwartet kalten Winter sehr wahrscheinlich. Wie sieht das aus, wie f\u00fchlt es sich an?<\/strong><\/span><\/p><\/blockquote>\n<p><iframe loading=\"lazy\" title=\"YouTube video player\" src=\"https:\/\/www.youtube-nocookie.com\/embed\/dqj0u0AuXfs\" width=\"560\" height=\"315\" frameborder=\"0\" allowfullscreen=\"allowfullscreen\"><\/iframe><\/p>\n<p>Hier den Textbeitrag lesen: <em><a href=\"https:\/\/eike-klima-energie.eu\/2021\/11\/03\/wie-fuehlt-sich-ein-stromausfall-an-ein-video-aus-frankfurt-hoechst-zeigt-es-uns\/\" target=\"_blank\" rel=\"noopener noreferrer\">Wie f\u00fchlt sich ein Stromausfall an? Ein Video aus Frankfurt-H\u00f6chst zeigt es uns | EIKE &#8211; Europ\u00e4isches Institut f\u00fcr Klima &amp; Energie<\/a><\/em><\/p>\n","protected":false},"excerpt":{"rendered":"<p>Die internationale Energiekrise und der deutsche Flatterstrom aus den viel zu zahlreichen PV- und Windkraftanlagen macht Stromausf\u00e4lle, fl\u00e4chendeckend als BLACKOUT bezeichnet, im erwartet kalten Winter sehr wahrscheinlich. Wie sieht das aus, wie f\u00fchlt es sich an? Hier den Textbeitrag lesen: Wie f\u00fchlt sich ein Stromausfall an? Ein Video aus Frankfurt-H\u00f6chst zeigt es uns | EIKE &hellip; <a href=\"http:\/\/www.vernunftkraft-hessen.de\/wordpress\/2021\/11\/05\/wie-fuehlt-sich-ein-stromausfall-an-ein-video-aus-frankfurt-hoechst-zeigt-es-uns-eike\/\" class=\"more-link\"><span class=\"screen-reader-text\">\u201eWie f\u00fchlt sich ein Stromausfall an? Ein Video aus Frankfurt-H\u00f6chst zeigt es uns | EIKE\u201c<\/span> weiterlesen<\/a><\/p>\n","protected":false},"author":26,"featured_media":0,"comment_status":"closed","ping_status":"closed","sticky":false,"template":"","format":"standard","meta":{"footnotes":""},"categories":[119],"tags":[86,159,273,36,250,163],"class_list":["post-29106","post","type-post","status-publish","format-standard","hentry","category-netzsicherheit","tag-blackout","tag-netzstabilitaet","tag-stromausfall","tag-stromversorgung","tag-versorgungssicherheit","tag-video"],"_links":{"self":[{"href":"http:\/\/www.vernunftkraft-hessen.de\/wordpress\/wp-json\/wp\/v2\/posts\/29106","targetHints":{"allow":["GET"]}}],"collection":[{"href":"http:\/\/www.vernunftkraft-hessen.de\/wordpress\/wp-json\/wp\/v2\/posts"}],"about":[{"href":"http:\/\/www.vernunftkraft-hessen.de\/wordpress\/wp-json\/wp\/v2\/types\/post"}],"author":[{"embeddable":true,"href":"http:\/\/www.vernunftkraft-hessen.de\/wordpress\/wp-json\/wp\/v2\/users\/26"}],"replies":[{"embeddable":true,"href":"http:\/\/www.vernunftkraft-hessen.de\/wordpress\/wp-json\/wp\/v2\/comments?post=29106"}],"version-history":[{"count":3,"href":"http:\/\/www.vernunftkraft-hessen.de\/wordpress\/wp-json\/wp\/v2\/posts\/29106\/revisions"}],"predecessor-version":[{"id":29109,"href":"http:\/\/www.vernunftkraft-hessen.de\/wordpress\/wp-json\/wp\/v2\/posts\/29106\/revisions\/29109"}],"wp:attachment":[{"href":"http:\/\/www.vernunftkraft-hessen.de\/wordpress\/wp-json\/wp\/v2\/media?parent=29106"}],"wp:term":[{"taxonomy":"category","embeddable":true,"href":"http:\/\/www.vernunftkraft-hessen.de\/wordpress\/wp-json\/wp\/v2\/categories?post=29106"},{"taxonomy":"post_tag","embeddable":true,"href":"http:\/\/www.vernunftkraft-hessen.de\/wordpress\/wp-json\/wp\/v2\/tags?post=29106"}],"curies":[{"name":"wp","href":"https:\/\/api.w.org\/{rel}","templated":true}]}}