{"id":29162,"date":"2021-11-06T06:09:58","date_gmt":"2021-11-06T05:09:58","guid":{"rendered":"http:\/\/www.vernunftkraft-hessen.de\/wordpress\/?p=29162"},"modified":"2021-11-06T06:11:05","modified_gmt":"2021-11-06T05:11:05","slug":"gruene-wollen-ampel-klimapolitik-nachverhandeln-langsam-sollte-es-der-fdp-daemmern-te","status":"publish","type":"post","link":"http:\/\/www.vernunftkraft-hessen.de\/wordpress\/2021\/11\/06\/gruene-wollen-ampel-klimapolitik-nachverhandeln-langsam-sollte-es-der-fdp-daemmern-te\/","title":{"rendered":"Gr\u00fcne wollen Ampel-Klimapolitik nachverhandeln: Langsam sollte es der FDP d\u00e4mmern | TE"},"content":{"rendered":"<blockquote><p><span style=\"font-size: 12pt;\"><strong>Die FDP ist darauf angewiesen, dass die Gr\u00fcnen langfristig ihre Versprechen \u2013 keine Steuererh\u00f6hungen \u2013 halten. Die k\u00f6nnen das aber gar nicht, daf\u00fcr radikalisiert sich die Klimabewegung viel zu schnell. Wenn Lindner das jetzt nicht erkennt, f\u00fchrt er seine Partei in eine fatale Zwangslage.<\/strong><\/span><\/p><\/blockquote>\n<blockquote class=\"wp-embedded-content\" data-secret=\"tfpB0bMaLL\"><p><a href=\"https:\/\/www.tichyseinblick.de\/meinungen\/gruene-ampel-nachverhandeln\/\">Gr\u00fcne wollen Ampel-Klimapolitik nachverhandeln: Langsam sollte es der FDP d\u00e4mmern<\/a><\/p><\/blockquote>\n<p><iframe loading=\"lazy\" class=\"wp-embedded-content\" sandbox=\"allow-scripts\" security=\"restricted\" style=\"position: absolute; clip: rect(1px, 1px, 1px, 1px);\" src=\"https:\/\/www.tichyseinblick.de\/meinungen\/gruene-ampel-nachverhandeln\/embed\/#?secret=tfpB0bMaLL\" data-secret=\"tfpB0bMaLL\" width=\"600\" height=\"338\" title=\"&#8222;Gr\u00fcne wollen Ampel-Klimapolitik nachverhandeln: Langsam sollte es der FDP d\u00e4mmern&#8220; &#8212; Tichys Einblick\" frameborder=\"0\" marginwidth=\"0\" marginheight=\"0\" scrolling=\"no\"><\/iframe><\/p>\n<p>Weiterlesen: <em><a href=\"https:\/\/www.tichyseinblick.de\/meinungen\/gruene-ampel-nachverhandeln\/?fbclid=IwAR3jjIdZuGFLuqCWyQ37auqo3XdsWI9IA62J9e6IEvfD4lMr598vIDzsU6g\" target=\"_blank\" rel=\"noopener noreferrer\">Gr\u00fcne wollen Ampel-Klimapolitik nachverhandeln: Langsam sollte es der FDP d\u00e4mmern<\/a><\/em><\/p>\n","protected":false},"excerpt":{"rendered":"<p>Die FDP ist darauf angewiesen, dass die Gr\u00fcnen langfristig ihre Versprechen \u2013 keine Steuererh\u00f6hungen \u2013 halten. Die k\u00f6nnen das aber gar nicht, daf\u00fcr radikalisiert sich die Klimabewegung viel zu schnell. Wenn Lindner das jetzt nicht erkennt, f\u00fchrt er seine Partei in eine fatale Zwangslage. Gr\u00fcne wollen Ampel-Klimapolitik nachverhandeln: Langsam sollte es der FDP d\u00e4mmern Weiterlesen: &hellip; <a href=\"http:\/\/www.vernunftkraft-hessen.de\/wordpress\/2021\/11\/06\/gruene-wollen-ampel-klimapolitik-nachverhandeln-langsam-sollte-es-der-fdp-daemmern-te\/\" class=\"more-link\"><span class=\"screen-reader-text\">\u201eGr\u00fcne wollen Ampel-Klimapolitik nachverhandeln: Langsam sollte es der FDP d\u00e4mmern | TE\u201c<\/span> weiterlesen<\/a><\/p>\n","protected":false},"author":26,"featured_media":0,"comment_status":"closed","ping_status":"closed","sticky":false,"template":"","format":"standard","meta":{"footnotes":""},"categories":[457],"tags":[299,638,29,6],"class_list":["post-29162","post","type-post","status-publish","format-standard","hentry","category-klimapolitik","tag-klimapolitik","tag-koalitionsverhandlungen","tag-parteien","tag-politik"],"_links":{"self":[{"href":"http:\/\/www.vernunftkraft-hessen.de\/wordpress\/wp-json\/wp\/v2\/posts\/29162","targetHints":{"allow":["GET"]}}],"collection":[{"href":"http:\/\/www.vernunftkraft-hessen.de\/wordpress\/wp-json\/wp\/v2\/posts"}],"about":[{"href":"http:\/\/www.vernunftkraft-hessen.de\/wordpress\/wp-json\/wp\/v2\/types\/post"}],"author":[{"embeddable":true,"href":"http:\/\/www.vernunftkraft-hessen.de\/wordpress\/wp-json\/wp\/v2\/users\/26"}],"replies":[{"embeddable":true,"href":"http:\/\/www.vernunftkraft-hessen.de\/wordpress\/wp-json\/wp\/v2\/comments?post=29162"}],"version-history":[{"count":2,"href":"http:\/\/www.vernunftkraft-hessen.de\/wordpress\/wp-json\/wp\/v2\/posts\/29162\/revisions"}],"predecessor-version":[{"id":29164,"href":"http:\/\/www.vernunftkraft-hessen.de\/wordpress\/wp-json\/wp\/v2\/posts\/29162\/revisions\/29164"}],"wp:attachment":[{"href":"http:\/\/www.vernunftkraft-hessen.de\/wordpress\/wp-json\/wp\/v2\/media?parent=29162"}],"wp:term":[{"taxonomy":"category","embeddable":true,"href":"http:\/\/www.vernunftkraft-hessen.de\/wordpress\/wp-json\/wp\/v2\/categories?post=29162"},{"taxonomy":"post_tag","embeddable":true,"href":"http:\/\/www.vernunftkraft-hessen.de\/wordpress\/wp-json\/wp\/v2\/tags?post=29162"}],"curies":[{"name":"wp","href":"https:\/\/api.w.org\/{rel}","templated":true}]}}