{"id":29397,"date":"2021-11-16T04:17:44","date_gmt":"2021-11-16T03:17:44","guid":{"rendered":"http:\/\/www.vernunftkraft-hessen.de\/wordpress\/?p=29397"},"modified":"2021-11-16T04:22:15","modified_gmt":"2021-11-16T03:22:15","slug":"berla-energie-naechster-stromanbieter-gibt-auf-zeitung-fuer-kommunale-wirtschaft","status":"publish","type":"post","link":"http:\/\/www.vernunftkraft-hessen.de\/wordpress\/2021\/11\/16\/berla-energie-naechster-stromanbieter-gibt-auf-zeitung-fuer-kommunale-wirtschaft\/","title":{"rendered":"Berla Energie: N\u00e4chster Stromanbieter gibt auf &#8211; Zeitung f\u00fcr kommunale Wirtschaft | ZfK"},"content":{"rendered":"<blockquote><p><span style=\"font-size: 12pt;\"><strong>Mit Berla Energie scheint der n\u00e4chste Stromanbieter innerhalb kurzer Zeit aufgegeben zu haben. Die Website des in Wuppertal ans\u00e4ssigen Unternehmens, das auf Facebook noch immer mit \u00d6kostrom und dem Motto &#8220;g\u00fcnstig und ehrlich&#8221; wirbt, ist verwaist. Auf der Startseite steht nur noch: &#8220;Unser [sic!] hat den Vertrieb bis zum 31.10.2021 eingestellt.&#8221;<\/strong><\/span><\/p><\/blockquote>\n<p>Weiterlesen: <em><a href=\"https:\/\/www.zfk.de\/unternehmen\/nachrichten\/berla-energie-stromanbieter-vertrieb-eingestellt?fbclid=IwAR2NkMdhRBJrDJ_haHzbm9eVJled_sguJNHHImZ8ocMtN6gR9AuRAffxLH8\" target=\"_blank\" rel=\"noopener noreferrer\">Berla Energie: N\u00e4chster Stromanbieter gibt auf: Zeitung f\u00fcr kommunale Wirtschaft<\/a><\/em><\/p>\n<p><a href=\"https:\/\/www.t-online.de\/finanzen\/news\/unternehmen-verbraucher\/id_90961700\/energiekrise-erster-gas-und-stromanbieter-in-deutschland-meldet-insolvenz-an.html\">Auch die mittelst\u00e4ndische Otima AG aus Neuenhagen bei Berlin ist pleite.<\/a><\/p>\n","protected":false},"excerpt":{"rendered":"<p>Mit Berla Energie scheint der n\u00e4chste Stromanbieter innerhalb kurzer Zeit aufgegeben zu haben. Die Website des in Wuppertal ans\u00e4ssigen Unternehmens, das auf Facebook noch immer mit \u00d6kostrom und dem Motto &#8220;g\u00fcnstig und ehrlich&#8221; wirbt, ist verwaist. Auf der Startseite steht nur noch: &#8220;Unser [sic!] hat den Vertrieb bis zum 31.10.2021 eingestellt.&#8221; Weiterlesen: Berla Energie: N\u00e4chster &hellip; <a href=\"http:\/\/www.vernunftkraft-hessen.de\/wordpress\/2021\/11\/16\/berla-energie-naechster-stromanbieter-gibt-auf-zeitung-fuer-kommunale-wirtschaft\/\" class=\"more-link\"><span class=\"screen-reader-text\">\u201eBerla Energie: N\u00e4chster Stromanbieter gibt auf &#8211; Zeitung f\u00fcr kommunale Wirtschaft | ZfK\u201c<\/span> weiterlesen<\/a><\/p>\n","protected":false},"author":26,"featured_media":0,"comment_status":"closed","ping_status":"closed","sticky":false,"template":"","format":"standard","meta":{"footnotes":""},"categories":[1],"tags":[242,630,23],"class_list":["post-29397","post","type-post","status-publish","format-standard","hentry","category-allgemein","tag-insolvenz","tag-stromanbieter","tag-wirtschaftlichkeit"],"_links":{"self":[{"href":"http:\/\/www.vernunftkraft-hessen.de\/wordpress\/wp-json\/wp\/v2\/posts\/29397","targetHints":{"allow":["GET"]}}],"collection":[{"href":"http:\/\/www.vernunftkraft-hessen.de\/wordpress\/wp-json\/wp\/v2\/posts"}],"about":[{"href":"http:\/\/www.vernunftkraft-hessen.de\/wordpress\/wp-json\/wp\/v2\/types\/post"}],"author":[{"embeddable":true,"href":"http:\/\/www.vernunftkraft-hessen.de\/wordpress\/wp-json\/wp\/v2\/users\/26"}],"replies":[{"embeddable":true,"href":"http:\/\/www.vernunftkraft-hessen.de\/wordpress\/wp-json\/wp\/v2\/comments?post=29397"}],"version-history":[{"count":3,"href":"http:\/\/www.vernunftkraft-hessen.de\/wordpress\/wp-json\/wp\/v2\/posts\/29397\/revisions"}],"predecessor-version":[{"id":29400,"href":"http:\/\/www.vernunftkraft-hessen.de\/wordpress\/wp-json\/wp\/v2\/posts\/29397\/revisions\/29400"}],"wp:attachment":[{"href":"http:\/\/www.vernunftkraft-hessen.de\/wordpress\/wp-json\/wp\/v2\/media?parent=29397"}],"wp:term":[{"taxonomy":"category","embeddable":true,"href":"http:\/\/www.vernunftkraft-hessen.de\/wordpress\/wp-json\/wp\/v2\/categories?post=29397"},{"taxonomy":"post_tag","embeddable":true,"href":"http:\/\/www.vernunftkraft-hessen.de\/wordpress\/wp-json\/wp\/v2\/tags?post=29397"}],"curies":[{"name":"wp","href":"https:\/\/api.w.org\/{rel}","templated":true}]}}