{"id":29457,"date":"2021-11-17T00:04:47","date_gmt":"2021-11-16T23:04:47","guid":{"rendered":"http:\/\/www.vernunftkraft-hessen.de\/wordpress\/?p=29457"},"modified":"2021-11-17T00:04:47","modified_gmt":"2021-11-16T23:04:47","slug":"naturschutzinitiative-oekologische-waldwende-jetzt","status":"publish","type":"post","link":"http:\/\/www.vernunftkraft-hessen.de\/wordpress\/2021\/11\/17\/naturschutzinitiative-oekologische-waldwende-jetzt\/","title":{"rendered":"Naturschutzinitiative: \u00d6kologische Waldwende Jetzt!"},"content":{"rendered":"<p>PRESSEMITTEILUNG der Naturschutzinitiative<\/p>\n<p><span style=\"font-size: 14pt;\"><strong>\u00d6kologische Waldwende Jetzt!<\/strong><\/span><br \/>\n<strong>Keine naturwidrigen Aufr\u00e4um- und Aufforstungsprogramme!<\/strong><br \/>\n<strong>Keine neuen Monokulturen im Wald!<\/strong><\/p>\n<p><!--more--><\/p>\n<p>Der Umweltverband \u201eNaturschutzinitiative e.V. (NI)\u201c und zahlreiche Wissenschaftlerinnen und Wissenschaftler fordern eine \u00f6kologische Waldwende, ein Ende der naturwidrigen Aufr\u00e4um- und Aufforstungsprogramme sowie die Durchf\u00fchrung von FFH-Vertr\u00e4glichkeitspr\u00fcfungen in europ\u00e4ischen Schutzgebieten.<\/p>\n<p><a href=\"https:\/\/naturschutz-initiative.de\/index.php?option=com_content&amp;view=article&amp;id=1098&amp;catid=22\" target=\"_blank\" rel=\"noopener noreferrer\">Weiterlesen<\/a><\/p>\n<p><iframe loading=\"lazy\" src=\"https:\/\/naturschutz-initiative.de\/images\/PDF2021\/2021OekologischeWaldwendeJetzt.pdf\" width=\"100%\" height=\"650\" frameborder=\"0\" allowfullscreen=\"allowfullscreen\"><\/iframe><\/p>\n","protected":false},"excerpt":{"rendered":"<p>PRESSEMITTEILUNG der Naturschutzinitiative \u00d6kologische Waldwende Jetzt! Keine naturwidrigen Aufr\u00e4um- und Aufforstungsprogramme! Keine neuen Monokulturen im Wald!<\/p>\n","protected":false},"author":26,"featured_media":0,"comment_status":"closed","ping_status":"closed","sticky":false,"template":"","format":"standard","meta":{"footnotes":""},"categories":[72],"tags":[445,317,42],"class_list":["post-29457","post","type-post","status-publish","format-standard","hentry","category-natur","tag-naturschutz","tag-pressemitteilung","tag-wald"],"_links":{"self":[{"href":"http:\/\/www.vernunftkraft-hessen.de\/wordpress\/wp-json\/wp\/v2\/posts\/29457","targetHints":{"allow":["GET"]}}],"collection":[{"href":"http:\/\/www.vernunftkraft-hessen.de\/wordpress\/wp-json\/wp\/v2\/posts"}],"about":[{"href":"http:\/\/www.vernunftkraft-hessen.de\/wordpress\/wp-json\/wp\/v2\/types\/post"}],"author":[{"embeddable":true,"href":"http:\/\/www.vernunftkraft-hessen.de\/wordpress\/wp-json\/wp\/v2\/users\/26"}],"replies":[{"embeddable":true,"href":"http:\/\/www.vernunftkraft-hessen.de\/wordpress\/wp-json\/wp\/v2\/comments?post=29457"}],"version-history":[{"count":1,"href":"http:\/\/www.vernunftkraft-hessen.de\/wordpress\/wp-json\/wp\/v2\/posts\/29457\/revisions"}],"predecessor-version":[{"id":29458,"href":"http:\/\/www.vernunftkraft-hessen.de\/wordpress\/wp-json\/wp\/v2\/posts\/29457\/revisions\/29458"}],"wp:attachment":[{"href":"http:\/\/www.vernunftkraft-hessen.de\/wordpress\/wp-json\/wp\/v2\/media?parent=29457"}],"wp:term":[{"taxonomy":"category","embeddable":true,"href":"http:\/\/www.vernunftkraft-hessen.de\/wordpress\/wp-json\/wp\/v2\/categories?post=29457"},{"taxonomy":"post_tag","embeddable":true,"href":"http:\/\/www.vernunftkraft-hessen.de\/wordpress\/wp-json\/wp\/v2\/tags?post=29457"}],"curies":[{"name":"wp","href":"https:\/\/api.w.org\/{rel}","templated":true}]}}