{"id":29540,"date":"2021-11-20T03:18:44","date_gmt":"2021-11-20T02:18:44","guid":{"rendered":"http:\/\/www.vernunftkraft-hessen.de\/wordpress\/?p=29540"},"modified":"2021-11-20T03:19:22","modified_gmt":"2021-11-20T02:19:22","slug":"lieferengpaesse-bald-auch-bei-kobalt-bedarf-fuer-elektroautos-steigt-rasant-focus-online","status":"publish","type":"post","link":"http:\/\/www.vernunftkraft-hessen.de\/wordpress\/2021\/11\/20\/lieferengpaesse-bald-auch-bei-kobalt-bedarf-fuer-elektroautos-steigt-rasant-focus-online\/","title":{"rendered":"Lieferengp\u00e4sse bald auch bei Kobalt? &#8211; Bedarf f\u00fcr Elektroautos steigt rasant &#8211; FOCUS Online"},"content":{"rendered":"<blockquote><p><span style=\"font-size: 12pt;\"><strong>Kobalt ist einer der wichtigsten Grundstoffe f\u00fcr die Herstellung von Batterien und Akkus. Gerade die Autoindustrie braucht ihn in immer gr\u00f6\u00dferen Mengen. Schon dieses Jahr f\u00fchrte das zu Engp\u00e4ssen bei der Produktion. Ein Trend, der sich versch\u00e4rfen k\u00f6nnte.<\/strong><\/span><\/p><\/blockquote>\n<p>Weiterlesen: <em><a href=\"https:\/\/www.focus.de\/finanzen\/boerse\/f100\/aufkommende-lieferengpaesse-bedarf-fuer-elektroautos-steigt-rasant-droht-bei-kobalt-die-naechste-rohstoffkrise_id_24432280.html\" target=\"_blank\" rel=\"noopener noreferrer\">Lieferengp\u00e4sse bald auch bei Kobalt? &#8211; Bedarf f\u00fcr Elektroautos steigt rasant &#8211; FOCUS Online<\/a><\/em><\/p>\n","protected":false},"excerpt":{"rendered":"<p>Kobalt ist einer der wichtigsten Grundstoffe f\u00fcr die Herstellung von Batterien und Akkus. Gerade die Autoindustrie braucht ihn in immer gr\u00f6\u00dferen Mengen. Schon dieses Jahr f\u00fchrte das zu Engp\u00e4ssen bei der Produktion. Ein Trend, der sich versch\u00e4rfen k\u00f6nnte. Weiterlesen: Lieferengp\u00e4sse bald auch bei Kobalt? &#8211; Bedarf f\u00fcr Elektroautos steigt rasant &#8211; FOCUS Online<\/p>\n","protected":false},"author":26,"featured_media":0,"comment_status":"closed","ping_status":"closed","sticky":false,"template":"","format":"standard","meta":{"footnotes":""},"categories":[1],"tags":[412,208,627],"class_list":["post-29540","post","type-post","status-publish","format-standard","hentry","category-allgemein","tag-batterien","tag-e-mobilitaet","tag-rohstoffmangel"],"_links":{"self":[{"href":"http:\/\/www.vernunftkraft-hessen.de\/wordpress\/wp-json\/wp\/v2\/posts\/29540","targetHints":{"allow":["GET"]}}],"collection":[{"href":"http:\/\/www.vernunftkraft-hessen.de\/wordpress\/wp-json\/wp\/v2\/posts"}],"about":[{"href":"http:\/\/www.vernunftkraft-hessen.de\/wordpress\/wp-json\/wp\/v2\/types\/post"}],"author":[{"embeddable":true,"href":"http:\/\/www.vernunftkraft-hessen.de\/wordpress\/wp-json\/wp\/v2\/users\/26"}],"replies":[{"embeddable":true,"href":"http:\/\/www.vernunftkraft-hessen.de\/wordpress\/wp-json\/wp\/v2\/comments?post=29540"}],"version-history":[{"count":2,"href":"http:\/\/www.vernunftkraft-hessen.de\/wordpress\/wp-json\/wp\/v2\/posts\/29540\/revisions"}],"predecessor-version":[{"id":29542,"href":"http:\/\/www.vernunftkraft-hessen.de\/wordpress\/wp-json\/wp\/v2\/posts\/29540\/revisions\/29542"}],"wp:attachment":[{"href":"http:\/\/www.vernunftkraft-hessen.de\/wordpress\/wp-json\/wp\/v2\/media?parent=29540"}],"wp:term":[{"taxonomy":"category","embeddable":true,"href":"http:\/\/www.vernunftkraft-hessen.de\/wordpress\/wp-json\/wp\/v2\/categories?post=29540"},{"taxonomy":"post_tag","embeddable":true,"href":"http:\/\/www.vernunftkraft-hessen.de\/wordpress\/wp-json\/wp\/v2\/tags?post=29540"}],"curies":[{"name":"wp","href":"https:\/\/api.w.org\/{rel}","templated":true}]}}