{"id":29591,"date":"2021-11-24T02:01:19","date_gmt":"2021-11-24T01:01:19","guid":{"rendered":"http:\/\/www.vernunftkraft-hessen.de\/wordpress\/?p=29591"},"modified":"2021-11-24T02:02:14","modified_gmt":"2021-11-24T01:02:14","slug":"energie-und-klimapolitik-industrie-fordert-entlastungen-et","status":"publish","type":"post","link":"http:\/\/www.vernunftkraft-hessen.de\/wordpress\/2021\/11\/24\/energie-und-klimapolitik-industrie-fordert-entlastungen-et\/","title":{"rendered":"Energie- und Klimapolitik: Industrie fordert Entlastungen | ET"},"content":{"rendered":"<p><strong>Die deutsche Industrie hat die neue Bundesregierung zu schnellen Ma\u00dfnahmen in der Energie- und Klimapolitik mit Entlastungen f\u00fcr Betriebe aufgefordert.<\/strong><\/p>\n<blockquote><p><span style=\"font-size: 12pt;\"><strong>Industriepr\u00e4sident Siegfried Russwurm sagte der Deutschen Presse-Agentur: \u201eStrom und klimaneutraler Wasserstoff kosten derzeit und absehbar noch ein Mehrfaches von Erdgas.\u201c Eine Kostenentlastung f\u00fcr CO2-neutrale Energietr\u00e4ger sei notwendig. \u201eBesonders energieintensive Unternehmen brauchen f\u00fcr eine gewisse Zeit Betriebskostenzusch\u00fcsse, um in neue, klimafreundliche Verfahren zu investieren.\u201c<\/strong><\/span><\/p><\/blockquote>\n<p>Weiterlesen: <em><a href=\"https:\/\/www.epochtimes.de\/wirtschaft\/energie-und-klimapolitik-industrie-fordert-entlastungen-a3650273.html\" target=\"_blank\" rel=\"noopener noreferrer\">Energie- und Klimapolitik: Industrie fordert Entlastungen<\/a><\/em><\/p>\n","protected":false},"excerpt":{"rendered":"<p>Die deutsche Industrie hat die neue Bundesregierung zu schnellen Ma\u00dfnahmen in der Energie- und Klimapolitik mit Entlastungen f\u00fcr Betriebe aufgefordert. Industriepr\u00e4sident Siegfried Russwurm sagte der Deutschen Presse-Agentur: \u201eStrom und klimaneutraler Wasserstoff kosten derzeit und absehbar noch ein Mehrfaches von Erdgas.\u201c Eine Kostenentlastung f\u00fcr CO2-neutrale Energietr\u00e4ger sei notwendig. \u201eBesonders energieintensive Unternehmen brauchen f\u00fcr eine gewisse Zeit &hellip; <a href=\"http:\/\/www.vernunftkraft-hessen.de\/wordpress\/2021\/11\/24\/energie-und-klimapolitik-industrie-fordert-entlastungen-et\/\" class=\"more-link\"><span class=\"screen-reader-text\">\u201eEnergie- und Klimapolitik: Industrie fordert Entlastungen | ET\u201c<\/span> weiterlesen<\/a><\/p>\n","protected":false},"author":26,"featured_media":0,"comment_status":"closed","ping_status":"closed","sticky":false,"template":"","format":"standard","meta":{"footnotes":""},"categories":[222],"tags":[175,559,299,638,52,50],"class_list":["post-29591","post","type-post","status-publish","format-standard","hentry","category-energiepolitik","tag-energiepolitik","tag-industrie","tag-klimapolitik","tag-koalitionsverhandlungen","tag-kosten","tag-subventionen"],"_links":{"self":[{"href":"http:\/\/www.vernunftkraft-hessen.de\/wordpress\/wp-json\/wp\/v2\/posts\/29591","targetHints":{"allow":["GET"]}}],"collection":[{"href":"http:\/\/www.vernunftkraft-hessen.de\/wordpress\/wp-json\/wp\/v2\/posts"}],"about":[{"href":"http:\/\/www.vernunftkraft-hessen.de\/wordpress\/wp-json\/wp\/v2\/types\/post"}],"author":[{"embeddable":true,"href":"http:\/\/www.vernunftkraft-hessen.de\/wordpress\/wp-json\/wp\/v2\/users\/26"}],"replies":[{"embeddable":true,"href":"http:\/\/www.vernunftkraft-hessen.de\/wordpress\/wp-json\/wp\/v2\/comments?post=29591"}],"version-history":[{"count":2,"href":"http:\/\/www.vernunftkraft-hessen.de\/wordpress\/wp-json\/wp\/v2\/posts\/29591\/revisions"}],"predecessor-version":[{"id":29593,"href":"http:\/\/www.vernunftkraft-hessen.de\/wordpress\/wp-json\/wp\/v2\/posts\/29591\/revisions\/29593"}],"wp:attachment":[{"href":"http:\/\/www.vernunftkraft-hessen.de\/wordpress\/wp-json\/wp\/v2\/media?parent=29591"}],"wp:term":[{"taxonomy":"category","embeddable":true,"href":"http:\/\/www.vernunftkraft-hessen.de\/wordpress\/wp-json\/wp\/v2\/categories?post=29591"},{"taxonomy":"post_tag","embeddable":true,"href":"http:\/\/www.vernunftkraft-hessen.de\/wordpress\/wp-json\/wp\/v2\/tags?post=29591"}],"curies":[{"name":"wp","href":"https:\/\/api.w.org\/{rel}","templated":true}]}}