{"id":29669,"date":"2021-11-27T23:41:56","date_gmt":"2021-11-27T22:41:56","guid":{"rendered":"http:\/\/www.vernunftkraft-hessen.de\/wordpress\/?p=29669"},"modified":"2021-11-27T23:43:12","modified_gmt":"2021-11-27T22:43:12","slug":"odenwaldeberbach-erster-schritt-fuer-windkraft-auf-dem-hebert-rnz","status":"publish","type":"post","link":"http:\/\/www.vernunftkraft-hessen.de\/wordpress\/2021\/11\/27\/odenwaldeberbach-erster-schritt-fuer-windkraft-auf-dem-hebert-rnz\/","title":{"rendered":"Odenwald\/Eberbach: Erster Schritt f\u00fcr Windkraft auf dem Hebert &#8211; RNZ"},"content":{"rendered":"<blockquote><p><span style=\"font-size: 12pt;\"><strong>Letzte Zweifel zumindest an der Rentabilit\u00e4t eines Windparks auf dem Hebert lie\u00df im Gemeinderat die Aussicht auf die dabei zu erl\u00f6sende Pacht verfliegen. Das Erneuerbare-Energien-Unternehmen BayWa r.e. aus M\u00fcnchen hatte in einem Interessenbekundungsverfahren die Errichtung von bis zu f\u00fcnf Rotoren im Eberbacher Teil des Hebert in Aussicht gestellt und daf\u00fcr pro Anlage 282.000 Euro im Jahr geboten.<\/strong><\/span><\/p><\/blockquote>\n<p>Weiterlesen: <em><a href=\"https:\/\/www.rnz.de\/nachrichten\/eberbach_artikel,-eberbach-erster-schritt-fuer-windkraft-auf-dem-hebert-_arid,778609.html\" target=\"_blank\" rel=\"noopener noreferrer\">Eberbach: Erster Schritt f\u00fcr Windkraft auf dem Hebert &#8211; Eberbach &#8211; RNZ<\/a><\/em><\/p>\n","protected":false},"excerpt":{"rendered":"<p>Letzte Zweifel zumindest an der Rentabilit\u00e4t eines Windparks auf dem Hebert lie\u00df im Gemeinderat die Aussicht auf die dabei zu erl\u00f6sende Pacht verfliegen. Das Erneuerbare-Energien-Unternehmen BayWa r.e. aus M\u00fcnchen hatte in einem Interessenbekundungsverfahren die Errichtung von bis zu f\u00fcnf Rotoren im Eberbacher Teil des Hebert in Aussicht gestellt und daf\u00fcr pro Anlage 282.000 Euro im &hellip; <a href=\"http:\/\/www.vernunftkraft-hessen.de\/wordpress\/2021\/11\/27\/odenwaldeberbach-erster-schritt-fuer-windkraft-auf-dem-hebert-rnz\/\" class=\"more-link\"><span class=\"screen-reader-text\">\u201eOdenwald\/Eberbach: Erster Schritt f\u00fcr Windkraft auf dem Hebert &#8211; RNZ\u201c<\/span> weiterlesen<\/a><\/p>\n","protected":false},"author":26,"featured_media":0,"comment_status":"closed","ping_status":"closed","sticky":false,"template":"","format":"standard","meta":{"footnotes":""},"categories":[98],"tags":[38,49],"class_list":["post-29669","post","type-post","status-publish","format-standard","hentry","category-zubau","tag-kommune","tag-zubau"],"_links":{"self":[{"href":"http:\/\/www.vernunftkraft-hessen.de\/wordpress\/wp-json\/wp\/v2\/posts\/29669","targetHints":{"allow":["GET"]}}],"collection":[{"href":"http:\/\/www.vernunftkraft-hessen.de\/wordpress\/wp-json\/wp\/v2\/posts"}],"about":[{"href":"http:\/\/www.vernunftkraft-hessen.de\/wordpress\/wp-json\/wp\/v2\/types\/post"}],"author":[{"embeddable":true,"href":"http:\/\/www.vernunftkraft-hessen.de\/wordpress\/wp-json\/wp\/v2\/users\/26"}],"replies":[{"embeddable":true,"href":"http:\/\/www.vernunftkraft-hessen.de\/wordpress\/wp-json\/wp\/v2\/comments?post=29669"}],"version-history":[{"count":3,"href":"http:\/\/www.vernunftkraft-hessen.de\/wordpress\/wp-json\/wp\/v2\/posts\/29669\/revisions"}],"predecessor-version":[{"id":29672,"href":"http:\/\/www.vernunftkraft-hessen.de\/wordpress\/wp-json\/wp\/v2\/posts\/29669\/revisions\/29672"}],"wp:attachment":[{"href":"http:\/\/www.vernunftkraft-hessen.de\/wordpress\/wp-json\/wp\/v2\/media?parent=29669"}],"wp:term":[{"taxonomy":"category","embeddable":true,"href":"http:\/\/www.vernunftkraft-hessen.de\/wordpress\/wp-json\/wp\/v2\/categories?post=29669"},{"taxonomy":"post_tag","embeddable":true,"href":"http:\/\/www.vernunftkraft-hessen.de\/wordpress\/wp-json\/wp\/v2\/tags?post=29669"}],"curies":[{"name":"wp","href":"https:\/\/api.w.org\/{rel}","templated":true}]}}