{"id":29683,"date":"2021-11-30T04:56:30","date_gmt":"2021-11-30T03:56:30","guid":{"rendered":"http:\/\/www.vernunftkraft-hessen.de\/wordpress\/?p=29683"},"modified":"2021-11-30T04:57:03","modified_gmt":"2021-11-30T03:57:03","slug":"wegen-atomausstieg-deutschland-braucht-neue-lueckenbuesser-kraftwerke-eike","status":"publish","type":"post","link":"http:\/\/www.vernunftkraft-hessen.de\/wordpress\/2021\/11\/30\/wegen-atomausstieg-deutschland-braucht-neue-lueckenbuesser-kraftwerke-eike\/","title":{"rendered":"Wegen Atomausstieg: Deutschland braucht neue L\u00fcckenb\u00fcsser-Kraftwerke | EIKE"},"content":{"rendered":"<blockquote><p><span style=\"font-size: 12pt;\"><strong>Die Versorgung nur mit erneuerbarer Energie funktioniert nicht: P\u00fcnktlich zum Atomausstieg baut Deutschland neue Gaskraftwerke, die einspringen, wenn Wind und Sonne keinen Strom liefern.<\/strong><\/span><\/p><\/blockquote>\n<p>Weiterlesen: <em><a href=\"https:\/\/eike-klima-energie.eu\/2021\/11\/28\/wegen-atomausstieg-deutschland-braucht-neue-lueckenbuesser-kraftwerke\/?fbclid=IwAR3oDGhu8qKEia_VKitwXSqNFl3Bu0GdW1Hz4STYSeKth20Ofhv9qLYQK9g\" target=\"_blank\" rel=\"noopener noreferrer\">Wegen Atomausstieg: Deutschland braucht neue L\u00fcckenb\u00fcsser-Kraftwerke | EIKE &#8211; Europ\u00e4isches Institut f\u00fcr Klima &amp; Energie<\/a><\/em><\/p>\n","protected":false},"excerpt":{"rendered":"<p>Die Versorgung nur mit erneuerbarer Energie funktioniert nicht: P\u00fcnktlich zum Atomausstieg baut Deutschland neue Gaskraftwerke, die einspringen, wenn Wind und Sonne keinen Strom liefern. Weiterlesen: Wegen Atomausstieg: Deutschland braucht neue L\u00fcckenb\u00fcsser-Kraftwerke | EIKE &#8211; Europ\u00e4isches Institut f\u00fcr Klima &amp; Energie<\/p>\n","protected":false},"author":26,"featured_media":0,"comment_status":"closed","ping_status":"closed","sticky":false,"template":"","format":"standard","meta":{"footnotes":""},"categories":[222],"tags":[142,175,17,250],"class_list":["post-29683","post","type-post","status-publish","format-standard","hentry","category-energiepolitik","tag-atomausstieg","tag-energiepolitik","tag-energiewende","tag-versorgungssicherheit"],"_links":{"self":[{"href":"http:\/\/www.vernunftkraft-hessen.de\/wordpress\/wp-json\/wp\/v2\/posts\/29683","targetHints":{"allow":["GET"]}}],"collection":[{"href":"http:\/\/www.vernunftkraft-hessen.de\/wordpress\/wp-json\/wp\/v2\/posts"}],"about":[{"href":"http:\/\/www.vernunftkraft-hessen.de\/wordpress\/wp-json\/wp\/v2\/types\/post"}],"author":[{"embeddable":true,"href":"http:\/\/www.vernunftkraft-hessen.de\/wordpress\/wp-json\/wp\/v2\/users\/26"}],"replies":[{"embeddable":true,"href":"http:\/\/www.vernunftkraft-hessen.de\/wordpress\/wp-json\/wp\/v2\/comments?post=29683"}],"version-history":[{"count":2,"href":"http:\/\/www.vernunftkraft-hessen.de\/wordpress\/wp-json\/wp\/v2\/posts\/29683\/revisions"}],"predecessor-version":[{"id":29685,"href":"http:\/\/www.vernunftkraft-hessen.de\/wordpress\/wp-json\/wp\/v2\/posts\/29683\/revisions\/29685"}],"wp:attachment":[{"href":"http:\/\/www.vernunftkraft-hessen.de\/wordpress\/wp-json\/wp\/v2\/media?parent=29683"}],"wp:term":[{"taxonomy":"category","embeddable":true,"href":"http:\/\/www.vernunftkraft-hessen.de\/wordpress\/wp-json\/wp\/v2\/categories?post=29683"},{"taxonomy":"post_tag","embeddable":true,"href":"http:\/\/www.vernunftkraft-hessen.de\/wordpress\/wp-json\/wp\/v2\/tags?post=29683"}],"curies":[{"name":"wp","href":"https:\/\/api.w.org\/{rel}","templated":true}]}}