{"id":29709,"date":"2021-11-30T05:44:29","date_gmt":"2021-11-30T04:44:29","guid":{"rendered":"http:\/\/www.vernunftkraft-hessen.de\/wordpress\/?p=29709"},"modified":"2021-11-30T05:46:49","modified_gmt":"2021-11-30T04:46:49","slug":"tichys-einblick-in-die-welt-der-zahlen-wie-viel-leistet-eine-windturbine","status":"publish","type":"post","link":"http:\/\/www.vernunftkraft-hessen.de\/wordpress\/2021\/11\/30\/tichys-einblick-in-die-welt-der-zahlen-wie-viel-leistet-eine-windturbine\/","title":{"rendered":"Tichys Einblick in die Welt der Zahlen: Wie viel leistet eine Windturbine?"},"content":{"rendered":"<p><em><span class=\"style-scope yt-formatted-string\" dir=\"auto\"><strong>\u201eLassen Sie uns gemeinsam, aktuelle Themen untersuchen, die von den Medien h\u00e4ufig erw\u00e4hnt, aber selten erkl\u00e4rt werden\u201c, so Dr. Hofmann-Reinecke in der Einleitung zur Video-Reihe \u201eTichys Einblick in die Welt der Zahlen\u201c. Darin wird Physik anhand von Beispielen aus dem Alltag, anschaulichen Graphiken sowie Zahlen und Formeln erkl\u00e4rt.<\/strong> <\/span><\/em><\/p>\n<p><iframe loading=\"lazy\" title=\"YouTube video player\" src=\"https:\/\/www.youtube-nocookie.com\/embed\/xmAEC3ngguU\" width=\"560\" height=\"315\" frameborder=\"0\" allowfullscreen=\"allowfullscreen\"><\/iframe><\/p>\n","protected":false},"excerpt":{"rendered":"<p>\u201eLassen Sie uns gemeinsam, aktuelle Themen untersuchen, die von den Medien h\u00e4ufig erw\u00e4hnt, aber selten erkl\u00e4rt werden\u201c, so Dr. Hofmann-Reinecke in der Einleitung zur Video-Reihe \u201eTichys Einblick in die Welt der Zahlen\u201c. Darin wird Physik anhand von Beispielen aus dem Alltag, anschaulichen Graphiken sowie Zahlen und Formeln erkl\u00e4rt.<\/p>\n","protected":false},"author":26,"featured_media":0,"comment_status":"closed","ping_status":"closed","sticky":false,"template":"","format":"standard","meta":{"footnotes":""},"categories":[1],"tags":[175,17,299,36,250,163],"class_list":["post-29709","post","type-post","status-publish","format-standard","hentry","category-allgemein","tag-energiepolitik","tag-energiewende","tag-klimapolitik","tag-stromversorgung","tag-versorgungssicherheit","tag-video"],"_links":{"self":[{"href":"http:\/\/www.vernunftkraft-hessen.de\/wordpress\/wp-json\/wp\/v2\/posts\/29709","targetHints":{"allow":["GET"]}}],"collection":[{"href":"http:\/\/www.vernunftkraft-hessen.de\/wordpress\/wp-json\/wp\/v2\/posts"}],"about":[{"href":"http:\/\/www.vernunftkraft-hessen.de\/wordpress\/wp-json\/wp\/v2\/types\/post"}],"author":[{"embeddable":true,"href":"http:\/\/www.vernunftkraft-hessen.de\/wordpress\/wp-json\/wp\/v2\/users\/26"}],"replies":[{"embeddable":true,"href":"http:\/\/www.vernunftkraft-hessen.de\/wordpress\/wp-json\/wp\/v2\/comments?post=29709"}],"version-history":[{"count":1,"href":"http:\/\/www.vernunftkraft-hessen.de\/wordpress\/wp-json\/wp\/v2\/posts\/29709\/revisions"}],"predecessor-version":[{"id":29710,"href":"http:\/\/www.vernunftkraft-hessen.de\/wordpress\/wp-json\/wp\/v2\/posts\/29709\/revisions\/29710"}],"wp:attachment":[{"href":"http:\/\/www.vernunftkraft-hessen.de\/wordpress\/wp-json\/wp\/v2\/media?parent=29709"}],"wp:term":[{"taxonomy":"category","embeddable":true,"href":"http:\/\/www.vernunftkraft-hessen.de\/wordpress\/wp-json\/wp\/v2\/categories?post=29709"},{"taxonomy":"post_tag","embeddable":true,"href":"http:\/\/www.vernunftkraft-hessen.de\/wordpress\/wp-json\/wp\/v2\/tags?post=29709"}],"curies":[{"name":"wp","href":"https:\/\/api.w.org\/{rel}","templated":true}]}}