{"id":30223,"date":"2022-01-02T04:11:02","date_gmt":"2022-01-02T03:11:02","guid":{"rendered":"http:\/\/www.vernunftkraft-hessen.de\/wordpress\/?p=30223"},"modified":"2022-01-02T04:11:02","modified_gmt":"2022-01-02T03:11:02","slug":"feuer-unterm-dach-der-britischen-energiepolitik-ageu","status":"publish","type":"post","link":"http:\/\/www.vernunftkraft-hessen.de\/wordpress\/2022\/01\/02\/feuer-unterm-dach-der-britischen-energiepolitik-ageu\/","title":{"rendered":"Feuer unterm Dach der britischen Energiepolitik | AGEU"},"content":{"rendered":"<p><em><strong>In Gro\u00dfbritannien gehen die Energiekosten wie in Deutschland durchs Dach. Im Unterschied zu Deutschland gibt es dort mit Net Zero Watch eine beachtete Organisation, die die Auswirkungen der Energie- und Klimapolitik sehr kritisch beobachtet, auf Missst\u00e4nde und Fehlentwicklungen hinweist und die Politik zu \u00c4nderungen auffordert. Nachfolgend die ins Deutsche \u00fcbersetzte neueste Presseerkl\u00e4rung der Organisation, eine Erkl\u00e4rung, die durchaus auf deutsche Verh\u00e4ltnisse eine Entsprechung f\u00e4nde:<\/strong><\/em> <a href=\"http:\/\/www.ageu-die-realisten.com\/archives\/5178?fbclid=IwAR3_STRNOPYs3tlTv8zaZNJFcUGKjqtOhVTUm6vN9RoJZxuw8dlJaWiWlhQ\" target=\"_blank\" rel=\"noopener noreferrer\">Weiterlesen<\/a><\/p>\n","protected":false},"excerpt":{"rendered":"<p>In Gro\u00dfbritannien gehen die Energiekosten wie in Deutschland durchs Dach. Im Unterschied zu Deutschland gibt es dort mit Net Zero Watch eine beachtete Organisation, die die Auswirkungen der Energie- und Klimapolitik sehr kritisch beobachtet, auf Missst\u00e4nde und Fehlentwicklungen hinweist und die Politik zu \u00c4nderungen auffordert. Nachfolgend die ins Deutsche \u00fcbersetzte neueste Presseerkl\u00e4rung der Organisation, eine &hellip; <a href=\"http:\/\/www.vernunftkraft-hessen.de\/wordpress\/2022\/01\/02\/feuer-unterm-dach-der-britischen-energiepolitik-ageu\/\" class=\"more-link\"><span class=\"screen-reader-text\">\u201eFeuer unterm Dach der britischen Energiepolitik | AGEU\u201c<\/span> weiterlesen<\/a><\/p>\n","protected":false},"author":26,"featured_media":0,"comment_status":"closed","ping_status":"closed","sticky":false,"template":"","format":"standard","meta":{"footnotes":""},"categories":[222],"tags":[177,175,28],"class_list":["post-30223","post","type-post","status-publish","format-standard","hentry","category-energiepolitik","tag-ausland","tag-energiepolitik","tag-strompreis"],"_links":{"self":[{"href":"http:\/\/www.vernunftkraft-hessen.de\/wordpress\/wp-json\/wp\/v2\/posts\/30223","targetHints":{"allow":["GET"]}}],"collection":[{"href":"http:\/\/www.vernunftkraft-hessen.de\/wordpress\/wp-json\/wp\/v2\/posts"}],"about":[{"href":"http:\/\/www.vernunftkraft-hessen.de\/wordpress\/wp-json\/wp\/v2\/types\/post"}],"author":[{"embeddable":true,"href":"http:\/\/www.vernunftkraft-hessen.de\/wordpress\/wp-json\/wp\/v2\/users\/26"}],"replies":[{"embeddable":true,"href":"http:\/\/www.vernunftkraft-hessen.de\/wordpress\/wp-json\/wp\/v2\/comments?post=30223"}],"version-history":[{"count":1,"href":"http:\/\/www.vernunftkraft-hessen.de\/wordpress\/wp-json\/wp\/v2\/posts\/30223\/revisions"}],"predecessor-version":[{"id":30224,"href":"http:\/\/www.vernunftkraft-hessen.de\/wordpress\/wp-json\/wp\/v2\/posts\/30223\/revisions\/30224"}],"wp:attachment":[{"href":"http:\/\/www.vernunftkraft-hessen.de\/wordpress\/wp-json\/wp\/v2\/media?parent=30223"}],"wp:term":[{"taxonomy":"category","embeddable":true,"href":"http:\/\/www.vernunftkraft-hessen.de\/wordpress\/wp-json\/wp\/v2\/categories?post=30223"},{"taxonomy":"post_tag","embeddable":true,"href":"http:\/\/www.vernunftkraft-hessen.de\/wordpress\/wp-json\/wp\/v2\/tags?post=30223"}],"curies":[{"name":"wp","href":"https:\/\/api.w.org\/{rel}","templated":true}]}}