{"id":30586,"date":"2022-01-19T00:14:40","date_gmt":"2022-01-18T23:14:40","guid":{"rendered":"http:\/\/www.vernunftkraft-hessen.de\/wordpress\/?p=30586"},"modified":"2022-01-19T00:14:40","modified_gmt":"2022-01-18T23:14:40","slug":"energiewende-klimaschutz-allein-macht-nicht-satt-interview-mit-robert-halver-lynx-fragt-nach","status":"publish","type":"post","link":"http:\/\/www.vernunftkraft-hessen.de\/wordpress\/2022\/01\/19\/energiewende-klimaschutz-allein-macht-nicht-satt-interview-mit-robert-halver-lynx-fragt-nach\/","title":{"rendered":"Energiewende: \u201cKlimaschutz allein macht nicht satt\u201d &#8211; Interview mit Robert Halver | LYNX fragt nach"},"content":{"rendered":"<p><em><span class=\"style-scope yt-formatted-string\" dir=\"auto\">Robert Habeck der Bundesminister f\u00fcr Wirtschaft und Energie von den Gr\u00fcnen will die deutsche Energiewende beschleunigen und erneuerbare Energien stark ausbauen. Robert Halver sieht die sichere Energieversorgung in Gefahr, falls Deutschland nur noch auf erneuerbare Energien setzt. F\u00fcr Deutschland &#8211; als ein Land unter den 5 gr\u00f6\u00dften Volkswirtschaften &#8211; sind Energiesicherheit und vern\u00fcnftige Preise ein hohes Gut. Robert Halver sieht Klimaschutz als ein wichtiges Thema, aber gerade im Bezug zur Klimaneutralit\u00e4t, spricht er sich f\u00fcr eine Re-Evaluierung von anderen Energiequellen, wie Gas und Atomkraft, aus.<\/span><\/em><\/p>\n<p><iframe loading=\"lazy\" title=\"YouTube video player\" src=\"https:\/\/www.youtube-nocookie.com\/embed\/8dQ2Fw_gwtc\" width=\"560\" height=\"315\" frameborder=\"0\" allowfullscreen=\"allowfullscreen\"><\/iframe><\/p>\n","protected":false},"excerpt":{"rendered":"<p>Robert Habeck der Bundesminister f\u00fcr Wirtschaft und Energie von den Gr\u00fcnen will die deutsche Energiewende beschleunigen und erneuerbare Energien stark ausbauen. Robert Halver sieht die sichere Energieversorgung in Gefahr, falls Deutschland nur noch auf erneuerbare Energien setzt. F\u00fcr Deutschland &#8211; als ein Land unter den 5 gr\u00f6\u00dften Volkswirtschaften &#8211; sind Energiesicherheit und vern\u00fcnftige Preise ein &hellip; <a href=\"http:\/\/www.vernunftkraft-hessen.de\/wordpress\/2022\/01\/19\/energiewende-klimaschutz-allein-macht-nicht-satt-interview-mit-robert-halver-lynx-fragt-nach\/\" class=\"more-link\"><span class=\"screen-reader-text\">\u201eEnergiewende: \u201cKlimaschutz allein macht nicht satt\u201d &#8211; Interview mit Robert Halver | LYNX fragt nach\u201c<\/span> weiterlesen<\/a><\/p>\n","protected":false},"author":26,"featured_media":0,"comment_status":"closed","ping_status":"closed","sticky":false,"template":"","format":"standard","meta":{"footnotes":""},"categories":[457],"tags":[17,253,163,511,23],"class_list":["post-30586","post","type-post","status-publish","format-standard","hentry","category-klimapolitik","tag-energiewende","tag-klimaschutz","tag-video","tag-wirtschaft","tag-wirtschaftlichkeit"],"_links":{"self":[{"href":"http:\/\/www.vernunftkraft-hessen.de\/wordpress\/wp-json\/wp\/v2\/posts\/30586","targetHints":{"allow":["GET"]}}],"collection":[{"href":"http:\/\/www.vernunftkraft-hessen.de\/wordpress\/wp-json\/wp\/v2\/posts"}],"about":[{"href":"http:\/\/www.vernunftkraft-hessen.de\/wordpress\/wp-json\/wp\/v2\/types\/post"}],"author":[{"embeddable":true,"href":"http:\/\/www.vernunftkraft-hessen.de\/wordpress\/wp-json\/wp\/v2\/users\/26"}],"replies":[{"embeddable":true,"href":"http:\/\/www.vernunftkraft-hessen.de\/wordpress\/wp-json\/wp\/v2\/comments?post=30586"}],"version-history":[{"count":1,"href":"http:\/\/www.vernunftkraft-hessen.de\/wordpress\/wp-json\/wp\/v2\/posts\/30586\/revisions"}],"predecessor-version":[{"id":30593,"href":"http:\/\/www.vernunftkraft-hessen.de\/wordpress\/wp-json\/wp\/v2\/posts\/30586\/revisions\/30593"}],"wp:attachment":[{"href":"http:\/\/www.vernunftkraft-hessen.de\/wordpress\/wp-json\/wp\/v2\/media?parent=30586"}],"wp:term":[{"taxonomy":"category","embeddable":true,"href":"http:\/\/www.vernunftkraft-hessen.de\/wordpress\/wp-json\/wp\/v2\/categories?post=30586"},{"taxonomy":"post_tag","embeddable":true,"href":"http:\/\/www.vernunftkraft-hessen.de\/wordpress\/wp-json\/wp\/v2\/tags?post=30586"}],"curies":[{"name":"wp","href":"https:\/\/api.w.org\/{rel}","templated":true}]}}