{"id":30718,"date":"2022-01-25T03:15:49","date_gmt":"2022-01-25T02:15:49","guid":{"rendered":"http:\/\/www.vernunftkraft-hessen.de\/wordpress\/?p=30718"},"modified":"2022-01-25T03:16:22","modified_gmt":"2022-01-25T02:16:22","slug":"die-klima-inflation-ist-politisch-gewollt-institut-der-deutschen-wirtschaft","status":"publish","type":"post","link":"http:\/\/www.vernunftkraft-hessen.de\/wordpress\/2022\/01\/25\/die-klima-inflation-ist-politisch-gewollt-institut-der-deutschen-wirtschaft\/","title":{"rendered":"\u201eDie Klima-Inflation ist politisch gewollt\u201d &#8211; Institut der deutschen Wirtschaft"},"content":{"rendered":"<blockquote><p><span style=\"font-size: 12pt;\"><strong>In den 70er-Jahren sorgte der \u00d6lpreisschock f\u00fcr Entlassungen, Pleiten und dauerhafte Arbeitslosigkeit. Das kann jetzt wieder passieren, warnt IW-Chef Michael H\u00fcther im Interview mit der Welt. Wenn die Klimapolitiker nicht aufpassten, drohe Deutschland ein d\u00fcsteres Jahrzehnt.<\/strong><\/span><\/p><\/blockquote>\n<p>Weiterlesen: <em><a href=\"https:\/\/www.iwkoeln.de\/presse\/interviews\/michael-huether-die-klima-inflation-ist-politisch-gewollt.html?fbclid=IwAR03oa5GIihNFjGlGRCVBuYwiVV42yiK_y8DCzUrKiRNFEVzpZBWlaDt2qg\" target=\"_blank\" rel=\"noopener noreferrer\">\u201eDie Klima-Inflation ist politisch gewollt\u201d &#8211; Institut der deutschen Wirtschaft<\/a><\/em><\/p>\n","protected":false},"excerpt":{"rendered":"<p>In den 70er-Jahren sorgte der \u00d6lpreisschock f\u00fcr Entlassungen, Pleiten und dauerhafte Arbeitslosigkeit. Das kann jetzt wieder passieren, warnt IW-Chef Michael H\u00fcther im Interview mit der Welt. Wenn die Klimapolitiker nicht aufpassten, drohe Deutschland ein d\u00fcsteres Jahrzehnt. Weiterlesen: \u201eDie Klima-Inflation ist politisch gewollt\u201d &#8211; Institut der deutschen Wirtschaft<\/p>\n","protected":false},"author":26,"featured_media":0,"comment_status":"closed","ping_status":"closed","sticky":false,"template":"","format":"standard","meta":{"footnotes":""},"categories":[457],"tags":[587,299,6],"class_list":["post-30718","post","type-post","status-publish","format-standard","hentry","category-klimapolitik","tag-inflation","tag-klimapolitik","tag-politik"],"_links":{"self":[{"href":"http:\/\/www.vernunftkraft-hessen.de\/wordpress\/wp-json\/wp\/v2\/posts\/30718","targetHints":{"allow":["GET"]}}],"collection":[{"href":"http:\/\/www.vernunftkraft-hessen.de\/wordpress\/wp-json\/wp\/v2\/posts"}],"about":[{"href":"http:\/\/www.vernunftkraft-hessen.de\/wordpress\/wp-json\/wp\/v2\/types\/post"}],"author":[{"embeddable":true,"href":"http:\/\/www.vernunftkraft-hessen.de\/wordpress\/wp-json\/wp\/v2\/users\/26"}],"replies":[{"embeddable":true,"href":"http:\/\/www.vernunftkraft-hessen.de\/wordpress\/wp-json\/wp\/v2\/comments?post=30718"}],"version-history":[{"count":2,"href":"http:\/\/www.vernunftkraft-hessen.de\/wordpress\/wp-json\/wp\/v2\/posts\/30718\/revisions"}],"predecessor-version":[{"id":30720,"href":"http:\/\/www.vernunftkraft-hessen.de\/wordpress\/wp-json\/wp\/v2\/posts\/30718\/revisions\/30720"}],"wp:attachment":[{"href":"http:\/\/www.vernunftkraft-hessen.de\/wordpress\/wp-json\/wp\/v2\/media?parent=30718"}],"wp:term":[{"taxonomy":"category","embeddable":true,"href":"http:\/\/www.vernunftkraft-hessen.de\/wordpress\/wp-json\/wp\/v2\/categories?post=30718"},{"taxonomy":"post_tag","embeddable":true,"href":"http:\/\/www.vernunftkraft-hessen.de\/wordpress\/wp-json\/wp\/v2\/tags?post=30718"}],"curies":[{"name":"wp","href":"https:\/\/api.w.org\/{rel}","templated":true}]}}