{"id":30734,"date":"2022-01-25T04:44:55","date_gmt":"2022-01-25T03:44:55","guid":{"rendered":"http:\/\/www.vernunftkraft-hessen.de\/wordpress\/?p=30734"},"modified":"2022-01-25T04:46:02","modified_gmt":"2022-01-25T03:46:02","slug":"bundesregierung-stoppt-kfw-finanzierung-fuer-energieeffiziente-gebaeude-te","status":"publish","type":"post","link":"http:\/\/www.vernunftkraft-hessen.de\/wordpress\/2022\/01\/25\/bundesregierung-stoppt-kfw-finanzierung-fuer-energieeffiziente-gebaeude-te\/","title":{"rendered":"Bundesregierung stoppt KfW-Finanzierung\u00a0f\u00fcr energieeffiziente Geb\u00e4ude | TE"},"content":{"rendered":"<blockquote><p><span style=\"font-size: 12pt;\"><strong>Nach einer Antragsflut im Januar, besonders f\u00fcr die Neubauf\u00f6rderung, zieht die Bundesregierung die Notbremse. Ab sofort k\u00f6nnen keine Antr\u00e4ge mehr bei der KfW auf F\u00f6rderung f\u00fcr energieeffiziente Geb\u00e4ude mehr gestellt werden. Begr\u00fcndung: Steuergeldverschwendung.<\/strong><\/span><\/p><\/blockquote>\n<blockquote class=\"wp-embedded-content\" data-secret=\"FSb72RZiWW\"><p><a href=\"https:\/\/www.tichyseinblick.de\/daili-es-sentials\/bundesregierung-stoppt-kfw-finanzierung-fuer-energieeffiziente-gebaeude\/\">Bundesregierung stoppt KfW-Finanzierung\u00a0f\u00fcr energieeffiziente Geb\u00e4ude<\/a><\/p><\/blockquote>\n<p><iframe loading=\"lazy\" class=\"wp-embedded-content\" sandbox=\"allow-scripts\" security=\"restricted\" style=\"position: absolute; clip: rect(1px, 1px, 1px, 1px);\" src=\"https:\/\/www.tichyseinblick.de\/daili-es-sentials\/bundesregierung-stoppt-kfw-finanzierung-fuer-energieeffiziente-gebaeude\/embed\/#?secret=FSb72RZiWW\" data-secret=\"FSb72RZiWW\" width=\"600\" height=\"338\" title=\"&#8222;Bundesregierung stoppt KfW-Finanzierung\u00a0f\u00fcr energieeffiziente Geb\u00e4ude&#8220; &#8212; Tichys Einblick\" frameborder=\"0\" marginwidth=\"0\" marginheight=\"0\" scrolling=\"no\"><\/iframe><\/p>\n<p>Weiterlesen: <em><a href=\"https:\/\/www.tichyseinblick.de\/daili-es-sentials\/bundesregierung-stoppt-kfw-finanzierung-fuer-energieeffiziente-gebaeude\/\" target=\"_blank\" rel=\"noopener noreferrer\">Bundesregierung stoppt KfW-Finanzierung\u00a0f\u00fcr energieeffiziente Geb\u00e4ude<\/a><\/em><\/p>\n","protected":false},"excerpt":{"rendered":"<p>Nach einer Antragsflut im Januar, besonders f\u00fcr die Neubauf\u00f6rderung, zieht die Bundesregierung die Notbremse. Ab sofort k\u00f6nnen keine Antr\u00e4ge mehr bei der KfW auf F\u00f6rderung f\u00fcr energieeffiziente Geb\u00e4ude mehr gestellt werden. Begr\u00fcndung: Steuergeldverschwendung. Bundesregierung stoppt KfW-Finanzierung\u00a0f\u00fcr energieeffiziente Geb\u00e4ude Weiterlesen: Bundesregierung stoppt KfW-Finanzierung\u00a0f\u00fcr energieeffiziente Geb\u00e4ude<\/p>\n","protected":false},"author":26,"featured_media":0,"comment_status":"closed","ping_status":"closed","sticky":false,"template":"","format":"standard","meta":{"footnotes":""},"categories":[457],"tags":[299,253,52,6],"class_list":["post-30734","post","type-post","status-publish","format-standard","hentry","category-klimapolitik","tag-klimapolitik","tag-klimaschutz","tag-kosten","tag-politik"],"_links":{"self":[{"href":"http:\/\/www.vernunftkraft-hessen.de\/wordpress\/wp-json\/wp\/v2\/posts\/30734","targetHints":{"allow":["GET"]}}],"collection":[{"href":"http:\/\/www.vernunftkraft-hessen.de\/wordpress\/wp-json\/wp\/v2\/posts"}],"about":[{"href":"http:\/\/www.vernunftkraft-hessen.de\/wordpress\/wp-json\/wp\/v2\/types\/post"}],"author":[{"embeddable":true,"href":"http:\/\/www.vernunftkraft-hessen.de\/wordpress\/wp-json\/wp\/v2\/users\/26"}],"replies":[{"embeddable":true,"href":"http:\/\/www.vernunftkraft-hessen.de\/wordpress\/wp-json\/wp\/v2\/comments?post=30734"}],"version-history":[{"count":2,"href":"http:\/\/www.vernunftkraft-hessen.de\/wordpress\/wp-json\/wp\/v2\/posts\/30734\/revisions"}],"predecessor-version":[{"id":30736,"href":"http:\/\/www.vernunftkraft-hessen.de\/wordpress\/wp-json\/wp\/v2\/posts\/30734\/revisions\/30736"}],"wp:attachment":[{"href":"http:\/\/www.vernunftkraft-hessen.de\/wordpress\/wp-json\/wp\/v2\/media?parent=30734"}],"wp:term":[{"taxonomy":"category","embeddable":true,"href":"http:\/\/www.vernunftkraft-hessen.de\/wordpress\/wp-json\/wp\/v2\/categories?post=30734"},{"taxonomy":"post_tag","embeddable":true,"href":"http:\/\/www.vernunftkraft-hessen.de\/wordpress\/wp-json\/wp\/v2\/tags?post=30734"}],"curies":[{"name":"wp","href":"https:\/\/api.w.org\/{rel}","templated":true}]}}