{"id":30769,"date":"2022-01-26T05:09:23","date_gmt":"2022-01-26T04:09:23","guid":{"rendered":"http:\/\/www.vernunftkraft-hessen.de\/wordpress\/?p=30769"},"modified":"2022-01-26T05:12:27","modified_gmt":"2022-01-26T04:12:27","slug":"die-gruene-verdunkelungsgefahr-te","status":"publish","type":"post","link":"http:\/\/www.vernunftkraft-hessen.de\/wordpress\/2022\/01\/26\/die-gruene-verdunkelungsgefahr-te\/","title":{"rendered":"Die gr\u00fcne Verdunkelungsgefahr | TE"},"content":{"rendered":"<p>Von Wolfgang Herles<\/p>\n<p>LESEPFLICHT!!!<\/p>\n<blockquote><p><span style=\"font-size: 12pt;\"><strong>Baerbocks gr\u00f6\u00dftes Verdienst ist wahrscheinlich, dass nicht Habeck Kanzler geworden ist. Der Mann ist gr\u00f6\u00dfenwahnsinnig. In diesem Sinne besteht nicht blo\u00df energiepolitisch Verdunkelungsgefahr. Er selbst ist eine Verdunkelungsgefahr f\u00fcr dieses Land. Er versetzt es in einen Kriegszustand \u2013 letztlich gegen sich selbst.<\/strong><\/span><\/p><\/blockquote>\n<blockquote class=\"wp-embedded-content\" data-secret=\"QaT1GHla1r\"><p><a href=\"https:\/\/www.tichyseinblick.de\/kolumnen\/herles-faellt-auf\/habeck-die-gruene-verdunkelungsgefahr\/\">Die gr\u00fcne Verdunkelungsgefahr<\/a><\/p><\/blockquote>\n<p><iframe loading=\"lazy\" class=\"wp-embedded-content\" sandbox=\"allow-scripts\" security=\"restricted\" style=\"position: absolute; clip: rect(1px, 1px, 1px, 1px);\" src=\"https:\/\/www.tichyseinblick.de\/kolumnen\/herles-faellt-auf\/habeck-die-gruene-verdunkelungsgefahr\/embed\/#?secret=QaT1GHla1r\" data-secret=\"QaT1GHla1r\" width=\"600\" height=\"338\" title=\"&#8222;Die gr\u00fcne Verdunkelungsgefahr&#8220; &#8212; Tichys Einblick\" frameborder=\"0\" marginwidth=\"0\" marginheight=\"0\" scrolling=\"no\"><\/iframe><\/p>\n<p>Weiterlesen: <em><a href=\"https:\/\/www.tichyseinblick.de\/kolumnen\/herles-faellt-auf\/habeck-die-gruene-verdunkelungsgefahr\/?fbclid=IwAR2Om8iqjNTIN7mCyDCmmxl_nBW_WjjtEZoEq1shX70Cn9iyhBms7e070ag\" target=\"_blank\" rel=\"noopener noreferrer\">Die gr\u00fcne Verdunkelungsgefahr<\/a><\/em><\/p>\n","protected":false},"excerpt":{"rendered":"<p>Von Wolfgang Herles LESEPFLICHT!!! Baerbocks gr\u00f6\u00dftes Verdienst ist wahrscheinlich, dass nicht Habeck Kanzler geworden ist. Der Mann ist gr\u00f6\u00dfenwahnsinnig. In diesem Sinne besteht nicht blo\u00df energiepolitisch Verdunkelungsgefahr. Er selbst ist eine Verdunkelungsgefahr f\u00fcr dieses Land. Er versetzt es in einen Kriegszustand \u2013 letztlich gegen sich selbst. Die gr\u00fcne Verdunkelungsgefahr Weiterlesen: Die gr\u00fcne Verdunkelungsgefahr<\/p>\n","protected":false},"author":26,"featured_media":0,"comment_status":"closed","ping_status":"closed","sticky":false,"template":"","format":"standard","meta":{"footnotes":""},"categories":[222],"tags":[175,17,299,29,6],"class_list":["post-30769","post","type-post","status-publish","format-standard","hentry","category-energiepolitik","tag-energiepolitik","tag-energiewende","tag-klimapolitik","tag-parteien","tag-politik"],"_links":{"self":[{"href":"http:\/\/www.vernunftkraft-hessen.de\/wordpress\/wp-json\/wp\/v2\/posts\/30769","targetHints":{"allow":["GET"]}}],"collection":[{"href":"http:\/\/www.vernunftkraft-hessen.de\/wordpress\/wp-json\/wp\/v2\/posts"}],"about":[{"href":"http:\/\/www.vernunftkraft-hessen.de\/wordpress\/wp-json\/wp\/v2\/types\/post"}],"author":[{"embeddable":true,"href":"http:\/\/www.vernunftkraft-hessen.de\/wordpress\/wp-json\/wp\/v2\/users\/26"}],"replies":[{"embeddable":true,"href":"http:\/\/www.vernunftkraft-hessen.de\/wordpress\/wp-json\/wp\/v2\/comments?post=30769"}],"version-history":[{"count":3,"href":"http:\/\/www.vernunftkraft-hessen.de\/wordpress\/wp-json\/wp\/v2\/posts\/30769\/revisions"}],"predecessor-version":[{"id":30772,"href":"http:\/\/www.vernunftkraft-hessen.de\/wordpress\/wp-json\/wp\/v2\/posts\/30769\/revisions\/30772"}],"wp:attachment":[{"href":"http:\/\/www.vernunftkraft-hessen.de\/wordpress\/wp-json\/wp\/v2\/media?parent=30769"}],"wp:term":[{"taxonomy":"category","embeddable":true,"href":"http:\/\/www.vernunftkraft-hessen.de\/wordpress\/wp-json\/wp\/v2\/categories?post=30769"},{"taxonomy":"post_tag","embeddable":true,"href":"http:\/\/www.vernunftkraft-hessen.de\/wordpress\/wp-json\/wp\/v2\/tags?post=30769"}],"curies":[{"name":"wp","href":"https:\/\/api.w.org\/{rel}","templated":true}]}}