{"id":30847,"date":"2022-02-01T04:40:39","date_gmt":"2022-02-01T03:40:39","guid":{"rendered":"http:\/\/www.vernunftkraft-hessen.de\/wordpress\/?p=30847"},"modified":"2022-02-01T04:41:17","modified_gmt":"2022-02-01T03:41:17","slug":"erderwaermung-aus-sicht-der-ausserirdischen-think-again","status":"publish","type":"post","link":"http:\/\/www.vernunftkraft-hessen.de\/wordpress\/2022\/02\/01\/erderwaermung-aus-sicht-der-ausserirdischen-think-again\/","title":{"rendered":"ERDERW\u00c4RMUNG AUS SICHT DER AUSSERIRDISCHEN \u2013 THINK-AGAIN"},"content":{"rendered":"<blockquote><p><span style=\"font-size: 12pt;\"><strong>Eine fortschrittliche, au\u00dferirdische Zivilisation ist bei ihrer Suche nach intelligentem Leben im Universum auf einen Planeten gesto\u00dfen, der ihre Aufmerksamkeit weckt; man kann die digitale Kommunikation der dortigen Lebewesen mit Hilfe hochentwickelter Antennen und Computer problemlos nachverfolgen. Dabei wird offensichtlich, dass viel \u00fcber eine m\u00f6gliche Erw\u00e4rmung, \u00fcber eine \u201eKlimaver\u00e4nderung\u201c diskutiert wird, und dass in dem Zusammenhang h\u00e4ufig der Begriff \u201eGreta\u201c f\u00e4llt. Daher gibt man diesem galaktischen Objekt den Namen \u201ePlanet G\u201c.<\/strong><\/span><\/p><\/blockquote>\n<p>Weiterlesen: <em><a href=\"https:\/\/think-again.org\/erderwarmung-aus-sicht-der-ausserirdischen\/?utm_source=rss&amp;utm_medium=rss&amp;utm_campaign=erderwarmung-aus-sicht-der-ausserirdischen\" target=\"_blank\" rel=\"noopener noreferrer\">ERDERW\u00c4RMUNG AUS SICHT DER AUSSERIRDISCHEN \u2013 THINK-AGAIN<\/a><\/em><\/p>\n","protected":false},"excerpt":{"rendered":"<p>Eine fortschrittliche, au\u00dferirdische Zivilisation ist bei ihrer Suche nach intelligentem Leben im Universum auf einen Planeten gesto\u00dfen, der ihre Aufmerksamkeit weckt; man kann die digitale Kommunikation der dortigen Lebewesen mit Hilfe hochentwickelter Antennen und Computer problemlos nachverfolgen. Dabei wird offensichtlich, dass viel \u00fcber eine m\u00f6gliche Erw\u00e4rmung, \u00fcber eine \u201eKlimaver\u00e4nderung\u201c diskutiert wird, und dass in dem &hellip; <a href=\"http:\/\/www.vernunftkraft-hessen.de\/wordpress\/2022\/02\/01\/erderwaermung-aus-sicht-der-ausserirdischen-think-again\/\" class=\"more-link\"><span class=\"screen-reader-text\">\u201eERDERW\u00c4RMUNG AUS SICHT DER AUSSERIRDISCHEN \u2013 THINK-AGAIN\u201c<\/span> weiterlesen<\/a><\/p>\n","protected":false},"author":26,"featured_media":0,"comment_status":"closed","ping_status":"closed","sticky":false,"template":"","format":"standard","meta":{"footnotes":""},"categories":[183],"tags":[322,80],"class_list":["post-30847","post","type-post","status-publish","format-standard","hentry","category-klima","tag-klimawandel","tag-satire"],"_links":{"self":[{"href":"http:\/\/www.vernunftkraft-hessen.de\/wordpress\/wp-json\/wp\/v2\/posts\/30847","targetHints":{"allow":["GET"]}}],"collection":[{"href":"http:\/\/www.vernunftkraft-hessen.de\/wordpress\/wp-json\/wp\/v2\/posts"}],"about":[{"href":"http:\/\/www.vernunftkraft-hessen.de\/wordpress\/wp-json\/wp\/v2\/types\/post"}],"author":[{"embeddable":true,"href":"http:\/\/www.vernunftkraft-hessen.de\/wordpress\/wp-json\/wp\/v2\/users\/26"}],"replies":[{"embeddable":true,"href":"http:\/\/www.vernunftkraft-hessen.de\/wordpress\/wp-json\/wp\/v2\/comments?post=30847"}],"version-history":[{"count":2,"href":"http:\/\/www.vernunftkraft-hessen.de\/wordpress\/wp-json\/wp\/v2\/posts\/30847\/revisions"}],"predecessor-version":[{"id":30849,"href":"http:\/\/www.vernunftkraft-hessen.de\/wordpress\/wp-json\/wp\/v2\/posts\/30847\/revisions\/30849"}],"wp:attachment":[{"href":"http:\/\/www.vernunftkraft-hessen.de\/wordpress\/wp-json\/wp\/v2\/media?parent=30847"}],"wp:term":[{"taxonomy":"category","embeddable":true,"href":"http:\/\/www.vernunftkraft-hessen.de\/wordpress\/wp-json\/wp\/v2\/categories?post=30847"},{"taxonomy":"post_tag","embeddable":true,"href":"http:\/\/www.vernunftkraft-hessen.de\/wordpress\/wp-json\/wp\/v2\/tags?post=30847"}],"curies":[{"name":"wp","href":"https:\/\/api.w.org\/{rel}","templated":true}]}}