{"id":30866,"date":"2022-02-01T05:07:27","date_gmt":"2022-02-01T04:07:27","guid":{"rendered":"http:\/\/www.vernunftkraft-hessen.de\/wordpress\/?p=30866"},"modified":"2022-02-02T03:49:46","modified_gmt":"2022-02-02T02:49:46","slug":"brennelementfabrik-lingen-mitten-im-atomausstiegsland-zeit-online","status":"publish","type":"post","link":"http:\/\/www.vernunftkraft-hessen.de\/wordpress\/2022\/02\/01\/brennelementfabrik-lingen-mitten-im-atomausstiegsland-zeit-online\/","title":{"rendered":"Brennelementfabrik Lingen: Mitten im Atomausstiegsland |\u00a0ZEIT ONLINE"},"content":{"rendered":"<blockquote><p><span style=\"font-size: 12pt;\"><strong>Franz\u00f6sische und russische Konzerne wollen in Niedersachen gemeinsam Brennelemente f\u00fcr Atomkraft herstellen. Mit dem Deal k\u00f6nnte Russland in Europa an Einfluss gewinnen.<\/strong><\/span><\/p><\/blockquote>\n<p>Weiterlesen: <em><a href=\"https:\/\/www.zeit.de\/politik\/2022-01\/atomkraft-niedersachsen-frankreich-russland-brennelementefabrik-lingen?fbclid=IwAR38sArJrb2DjI1F2U63rEgU3lmlyJpcY61-tziQTXdyGdbBQxtPgVX1TTI\" target=\"_blank\" rel=\"noopener noreferrer\">Brennelementfabrik Lingen: Mitten im Atomausstiegsland |\u00a0ZEIT ONLINE<\/a><\/em><\/p>\n<p>und:<a href=\"https:\/\/www.focus.de\/finanzen\/uran-anlage-im-emsland-neben-nord-stream-2-kommt-nun-auch-noch-ein-russisches-atom-projekt-auf-habeck-zu_id_47118920.html\" target=\"_blank\" rel=\"noopener noreferrer\"><em><strong> Uran-Anlage im Emsland -Neben Nord Stream 2 kommt nun auch noch ein russisches Atom-Projekt auf Habeck zu<\/strong><\/em><\/a> | Focus<\/p>\n","protected":false},"excerpt":{"rendered":"<p>Franz\u00f6sische und russische Konzerne wollen in Niedersachen gemeinsam Brennelemente f\u00fcr Atomkraft herstellen. Mit dem Deal k\u00f6nnte Russland in Europa an Einfluss gewinnen. Weiterlesen: Brennelementfabrik Lingen: Mitten im Atomausstiegsland |\u00a0ZEIT ONLINE und: Uran-Anlage im Emsland -Neben Nord Stream 2 kommt nun auch noch ein russisches Atom-Projekt auf Habeck zu | Focus<\/p>\n","protected":false},"author":26,"featured_media":0,"comment_status":"closed","ping_status":"closed","sticky":false,"template":"","format":"standard","meta":{"footnotes":""},"categories":[1],"tags":[683,6],"class_list":["post-30866","post","type-post","status-publish","format-standard","hentry","category-allgemein","tag-atomkraft","tag-politik"],"_links":{"self":[{"href":"http:\/\/www.vernunftkraft-hessen.de\/wordpress\/wp-json\/wp\/v2\/posts\/30866","targetHints":{"allow":["GET"]}}],"collection":[{"href":"http:\/\/www.vernunftkraft-hessen.de\/wordpress\/wp-json\/wp\/v2\/posts"}],"about":[{"href":"http:\/\/www.vernunftkraft-hessen.de\/wordpress\/wp-json\/wp\/v2\/types\/post"}],"author":[{"embeddable":true,"href":"http:\/\/www.vernunftkraft-hessen.de\/wordpress\/wp-json\/wp\/v2\/users\/26"}],"replies":[{"embeddable":true,"href":"http:\/\/www.vernunftkraft-hessen.de\/wordpress\/wp-json\/wp\/v2\/comments?post=30866"}],"version-history":[{"count":4,"href":"http:\/\/www.vernunftkraft-hessen.de\/wordpress\/wp-json\/wp\/v2\/posts\/30866\/revisions"}],"predecessor-version":[{"id":30890,"href":"http:\/\/www.vernunftkraft-hessen.de\/wordpress\/wp-json\/wp\/v2\/posts\/30866\/revisions\/30890"}],"wp:attachment":[{"href":"http:\/\/www.vernunftkraft-hessen.de\/wordpress\/wp-json\/wp\/v2\/media?parent=30866"}],"wp:term":[{"taxonomy":"category","embeddable":true,"href":"http:\/\/www.vernunftkraft-hessen.de\/wordpress\/wp-json\/wp\/v2\/categories?post=30866"},{"taxonomy":"post_tag","embeddable":true,"href":"http:\/\/www.vernunftkraft-hessen.de\/wordpress\/wp-json\/wp\/v2\/tags?post=30866"}],"curies":[{"name":"wp","href":"https:\/\/api.w.org\/{rel}","templated":true}]}}