{"id":31081,"date":"2022-02-06T22:32:16","date_gmt":"2022-02-06T21:32:16","guid":{"rendered":"http:\/\/www.vernunftkraft-hessen.de\/wordpress\/?p=31081"},"modified":"2022-02-06T22:32:16","modified_gmt":"2022-02-06T21:32:16","slug":"nachgerechnet-woher-kommt-die-temperatur-der-erde","status":"publish","type":"post","link":"http:\/\/www.vernunftkraft-hessen.de\/wordpress\/2022\/02\/06\/nachgerechnet-woher-kommt-die-temperatur-der-erde\/","title":{"rendered":"Nachgerechnet: Woher kommt die Temperatur der Erde?"},"content":{"rendered":"<blockquote><p><span style=\"font-size: 12pt;\"><strong>Physik anhand von Beispielen aus dem Alltag, anschaulichen Graphiken sowie Zahlen und Formeln erkl\u00e4rt: \u201eLassen Sie uns gemeinsam aktuelle Themen untersuchen, die von den Medien h\u00e4ufig erw\u00e4hnt, aber selten erkl\u00e4rt werden\u201c, so der Physiker Hofmann-Reinecke.<\/strong> <\/span><\/p><\/blockquote>\n<p><iframe loading=\"lazy\" title=\"YouTube video player\" src=\"https:\/\/www.youtube-nocookie.com\/embed\/QkbjyZsJsjk\" width=\"560\" height=\"315\" frameborder=\"0\" allowfullscreen=\"allowfullscreen\"><\/iframe><\/p>\n<p><a href=\"https:\/\/www.tichyseinblick.de\/video\/nachgerechnet-woher-kommt-die-temperatur-der-erde\/\" target=\"_blank\" rel=\"noopener noreferrer\">Hier den Texbeitrag lesen<\/a><\/p>\n","protected":false},"excerpt":{"rendered":"<p>Physik anhand von Beispielen aus dem Alltag, anschaulichen Graphiken sowie Zahlen und Formeln erkl\u00e4rt: \u201eLassen Sie uns gemeinsam aktuelle Themen untersuchen, die von den Medien h\u00e4ufig erw\u00e4hnt, aber selten erkl\u00e4rt werden\u201c, so der Physiker Hofmann-Reinecke. Hier den Texbeitrag lesen<\/p>\n","protected":false},"author":26,"featured_media":0,"comment_status":"closed","ping_status":"closed","sticky":false,"template":"","format":"standard","meta":{"footnotes":""},"categories":[183],"tags":[53,163],"class_list":["post-31081","post","type-post","status-publish","format-standard","hentry","category-klima","tag-klima","tag-video"],"_links":{"self":[{"href":"http:\/\/www.vernunftkraft-hessen.de\/wordpress\/wp-json\/wp\/v2\/posts\/31081","targetHints":{"allow":["GET"]}}],"collection":[{"href":"http:\/\/www.vernunftkraft-hessen.de\/wordpress\/wp-json\/wp\/v2\/posts"}],"about":[{"href":"http:\/\/www.vernunftkraft-hessen.de\/wordpress\/wp-json\/wp\/v2\/types\/post"}],"author":[{"embeddable":true,"href":"http:\/\/www.vernunftkraft-hessen.de\/wordpress\/wp-json\/wp\/v2\/users\/26"}],"replies":[{"embeddable":true,"href":"http:\/\/www.vernunftkraft-hessen.de\/wordpress\/wp-json\/wp\/v2\/comments?post=31081"}],"version-history":[{"count":1,"href":"http:\/\/www.vernunftkraft-hessen.de\/wordpress\/wp-json\/wp\/v2\/posts\/31081\/revisions"}],"predecessor-version":[{"id":31082,"href":"http:\/\/www.vernunftkraft-hessen.de\/wordpress\/wp-json\/wp\/v2\/posts\/31081\/revisions\/31082"}],"wp:attachment":[{"href":"http:\/\/www.vernunftkraft-hessen.de\/wordpress\/wp-json\/wp\/v2\/media?parent=31081"}],"wp:term":[{"taxonomy":"category","embeddable":true,"href":"http:\/\/www.vernunftkraft-hessen.de\/wordpress\/wp-json\/wp\/v2\/categories?post=31081"},{"taxonomy":"post_tag","embeddable":true,"href":"http:\/\/www.vernunftkraft-hessen.de\/wordpress\/wp-json\/wp\/v2\/tags?post=31081"}],"curies":[{"name":"wp","href":"https:\/\/api.w.org\/{rel}","templated":true}]}}