{"id":31882,"date":"2022-03-23T02:43:42","date_gmt":"2022-03-23T01:43:42","guid":{"rendered":"http:\/\/www.vernunftkraft-hessen.de\/wordpress\/?p=31882"},"modified":"2022-03-23T02:44:29","modified_gmt":"2022-03-23T01:44:29","slug":"energiepreis-wir-muessen-aufpassen-dass-uns-die-kontrolle-nicht-entgleitet","status":"publish","type":"post","link":"http:\/\/www.vernunftkraft-hessen.de\/wordpress\/2022\/03\/23\/energiepreis-wir-muessen-aufpassen-dass-uns-die-kontrolle-nicht-entgleitet\/","title":{"rendered":"Energiepreis: \u201eWir m\u00fcssen aufpassen, dass uns die Kontrolle nicht entgleitet\u201c | WiWo"},"content":{"rendered":"<blockquote><p><span style=\"font-size: 12pt;\"><strong>Das Unternehmen Vetter Pharma aus Ravensburg nutzt stromintensive Reinr\u00e4ume f\u00fcr die aseptische Abf\u00fcllung von Medikamenten. Firmenchef Thomas Otto \u00fcber riskanten Zitterstrom, hohe Preise und konservative Energiebeschaffung.<\/strong><\/span><\/p><\/blockquote>\n<p>Weiterlesen: <em><a href=\"https:\/\/www.wiwo.de\/unternehmen\/mittelstand\/vetter-pharma-chef-thomas-otto-wir-muessen-aufpassen-dass-uns-die-kontrolle-nicht-entgleitet\/28174824.html?share=mail\" target=\"_blank\" rel=\"noopener noreferrer\">Energiepreis: \u201eWir m\u00fcssen aufpassen, dass uns die Kontrolle nicht entgleitet\u201c<\/a><\/em><\/p>\n","protected":false},"excerpt":{"rendered":"<p>Das Unternehmen Vetter Pharma aus Ravensburg nutzt stromintensive Reinr\u00e4ume f\u00fcr die aseptische Abf\u00fcllung von Medikamenten. Firmenchef Thomas Otto \u00fcber riskanten Zitterstrom, hohe Preise und konservative Energiebeschaffung. Weiterlesen: Energiepreis: \u201eWir m\u00fcssen aufpassen, dass uns die Kontrolle nicht entgleitet\u201c<\/p>\n","protected":false},"author":26,"featured_media":0,"comment_status":"closed","ping_status":"closed","sticky":false,"template":"","format":"standard","meta":{"footnotes":""},"categories":[222],"tags":[175,588,17,559,52,250,511],"class_list":["post-31882","post","type-post","status-publish","format-standard","hentry","category-energiepolitik","tag-energiepolitik","tag-energiepreise","tag-energiewende","tag-industrie","tag-kosten","tag-versorgungssicherheit","tag-wirtschaft"],"_links":{"self":[{"href":"http:\/\/www.vernunftkraft-hessen.de\/wordpress\/wp-json\/wp\/v2\/posts\/31882","targetHints":{"allow":["GET"]}}],"collection":[{"href":"http:\/\/www.vernunftkraft-hessen.de\/wordpress\/wp-json\/wp\/v2\/posts"}],"about":[{"href":"http:\/\/www.vernunftkraft-hessen.de\/wordpress\/wp-json\/wp\/v2\/types\/post"}],"author":[{"embeddable":true,"href":"http:\/\/www.vernunftkraft-hessen.de\/wordpress\/wp-json\/wp\/v2\/users\/26"}],"replies":[{"embeddable":true,"href":"http:\/\/www.vernunftkraft-hessen.de\/wordpress\/wp-json\/wp\/v2\/comments?post=31882"}],"version-history":[{"count":3,"href":"http:\/\/www.vernunftkraft-hessen.de\/wordpress\/wp-json\/wp\/v2\/posts\/31882\/revisions"}],"predecessor-version":[{"id":31885,"href":"http:\/\/www.vernunftkraft-hessen.de\/wordpress\/wp-json\/wp\/v2\/posts\/31882\/revisions\/31885"}],"wp:attachment":[{"href":"http:\/\/www.vernunftkraft-hessen.de\/wordpress\/wp-json\/wp\/v2\/media?parent=31882"}],"wp:term":[{"taxonomy":"category","embeddable":true,"href":"http:\/\/www.vernunftkraft-hessen.de\/wordpress\/wp-json\/wp\/v2\/categories?post=31882"},{"taxonomy":"post_tag","embeddable":true,"href":"http:\/\/www.vernunftkraft-hessen.de\/wordpress\/wp-json\/wp\/v2\/tags?post=31882"}],"curies":[{"name":"wp","href":"https:\/\/api.w.org\/{rel}","templated":true}]}}