{"id":31886,"date":"2022-03-23T02:47:25","date_gmt":"2022-03-23T01:47:25","guid":{"rendered":"http:\/\/www.vernunftkraft-hessen.de\/wordpress\/?p=31886"},"modified":"2022-03-23T02:47:58","modified_gmt":"2022-03-23T01:47:58","slug":"tesla-fabrikeroeffnung-es-lebe-das-atomauto-achgut-com","status":"publish","type":"post","link":"http:\/\/www.vernunftkraft-hessen.de\/wordpress\/2022\/03\/23\/tesla-fabrikeroeffnung-es-lebe-das-atomauto-achgut-com\/","title":{"rendered":"Tesla-Fabriker\u00f6ffnung: Es lebe das Atomauto! \u2013 ACHGUT.COM"},"content":{"rendered":"<blockquote><p><span style=\"font-size: 12pt;\"><strong>Heute wird die Tesla-Fabrik bei Berlin er\u00f6ffnet. Doch wo soll der Strom f\u00fcr die E-Autos herkommen? Elon Musk hat da so eine Idee, die man den gr\u00fcnen Partyg\u00e4sten am besten nicht auf die Nase bindet.<\/strong><\/span><\/p><\/blockquote>\n<p>Weiterlesen: <em><a href=\"https:\/\/www.achgut.com\/artikel\/tesla-fabrikeroefnung_es_lebe-das_atomauto\" target=\"_blank\" rel=\"noopener noreferrer\">Tesla-Fabriker\u00f6ffnung: Es lebe das Atomauto! \u2013 DIE ACHSE DES GUTEN. ACHGUT.COM<\/a><\/em><\/p>\n","protected":false},"excerpt":{"rendered":"<p>Heute wird die Tesla-Fabrik bei Berlin er\u00f6ffnet. Doch wo soll der Strom f\u00fcr die E-Autos herkommen? Elon Musk hat da so eine Idee, die man den gr\u00fcnen Partyg\u00e4sten am besten nicht auf die Nase bindet. Weiterlesen: Tesla-Fabriker\u00f6ffnung: Es lebe das Atomauto! \u2013 DIE ACHSE DES GUTEN. ACHGUT.COM<\/p>\n","protected":false},"author":26,"featured_media":0,"comment_status":"closed","ping_status":"closed","sticky":false,"template":"","format":"standard","meta":{"footnotes":""},"categories":[457],"tags":[208,275],"class_list":["post-31886","post","type-post","status-publish","format-standard","hentry","category-klimapolitik","tag-e-mobilitaet","tag-kernenergie"],"_links":{"self":[{"href":"http:\/\/www.vernunftkraft-hessen.de\/wordpress\/wp-json\/wp\/v2\/posts\/31886","targetHints":{"allow":["GET"]}}],"collection":[{"href":"http:\/\/www.vernunftkraft-hessen.de\/wordpress\/wp-json\/wp\/v2\/posts"}],"about":[{"href":"http:\/\/www.vernunftkraft-hessen.de\/wordpress\/wp-json\/wp\/v2\/types\/post"}],"author":[{"embeddable":true,"href":"http:\/\/www.vernunftkraft-hessen.de\/wordpress\/wp-json\/wp\/v2\/users\/26"}],"replies":[{"embeddable":true,"href":"http:\/\/www.vernunftkraft-hessen.de\/wordpress\/wp-json\/wp\/v2\/comments?post=31886"}],"version-history":[{"count":2,"href":"http:\/\/www.vernunftkraft-hessen.de\/wordpress\/wp-json\/wp\/v2\/posts\/31886\/revisions"}],"predecessor-version":[{"id":31888,"href":"http:\/\/www.vernunftkraft-hessen.de\/wordpress\/wp-json\/wp\/v2\/posts\/31886\/revisions\/31888"}],"wp:attachment":[{"href":"http:\/\/www.vernunftkraft-hessen.de\/wordpress\/wp-json\/wp\/v2\/media?parent=31886"}],"wp:term":[{"taxonomy":"category","embeddable":true,"href":"http:\/\/www.vernunftkraft-hessen.de\/wordpress\/wp-json\/wp\/v2\/categories?post=31886"},{"taxonomy":"post_tag","embeddable":true,"href":"http:\/\/www.vernunftkraft-hessen.de\/wordpress\/wp-json\/wp\/v2\/tags?post=31886"}],"curies":[{"name":"wp","href":"https:\/\/api.w.org\/{rel}","templated":true}]}}