{"id":32129,"date":"2022-04-05T01:00:59","date_gmt":"2022-04-04T23:00:59","guid":{"rendered":"http:\/\/www.vernunftkraft-hessen.de\/wordpress\/?p=32129"},"modified":"2022-04-05T01:41:24","modified_gmt":"2022-04-04T23:41:24","slug":"habecks-harte-landung-achgut-com","status":"publish","type":"post","link":"http:\/\/www.vernunftkraft-hessen.de\/wordpress\/2022\/04\/05\/habecks-harte-landung-achgut-com\/","title":{"rendered":"Habecks harte Landung \u2013\u00a0 ACHGUT.COM"},"content":{"rendered":"<p>Von Roger Letsch<\/p>\n<p><strong>Putins Krieg ist in Beziehung auf unsere Energieversorgung lediglich ein Katalysator, der eine Notlage vorwegnimmt, in die wir uns \u00fcber viele Jahre in verschieden gro\u00dfen Schritten hineingew\u00f6hnen wollten. Atomausstieg, Kohleausstieg, Vernunftausstieg\u2026<\/strong><\/p>\n<blockquote><p><span style=\"font-size: 12pt;\"><strong>Lange Zeit hatte er idealisierend \u00fcber W\u00f6lfe geschrieben, nun ruft er mit nerv\u00f6sem Vokabular \u201eWolf!\u201c und die Leute glauben ihm. Niemand war erstaunter als ich dar\u00fcber, zu welcher ideologischen Rosskur die Realit\u00e4t ausgerechnet den gr\u00fcnen Wirtschaftsminister Habeck zwang. Auch Markus Lanz konnte sein Gl\u00fcck kaum fassen, wie schonungslos der zugeschaltete Minister seine Fragen beantwortete, wie ungeschminkt, ja geradezu undiplomatisch ehrlich er die Lage darlegt. Besonders dieser eine Satz n\u00f6tigte mir einigen Respekt ab. So\u00a0sagte\u00a0<a class=\" tbl-vignette-handled \" href=\"https:\/\/youtu.be\/dgV96jz3prY?t=1050\" target=\"_blank\" rel=\"noopener noreferrer\">Robert Habeck am 31.3.22 bei Lanz<\/a>.<\/strong><\/span><\/p>\n<p><span style=\"font-size: 14pt;\"><strong>\u201eDie schiere Physik steht den makro\u00f6konomischen Modellen im Weg.\u201c<\/strong><\/span><\/p><\/blockquote>\n<p>Weiterlesen: <em><a href=\"https:\/\/www.achgut.com\/artikel\/habecks_harte_landung\" target=\"_blank\" rel=\"noopener noreferrer\">Habecks harte Landung \u2013 DIE ACHSE DES GUTEN. ACHGUT.COM<\/a><\/em><\/p>\n","protected":false},"excerpt":{"rendered":"<p>Von Roger Letsch Putins Krieg ist in Beziehung auf unsere Energieversorgung lediglich ein Katalysator, der eine Notlage vorwegnimmt, in die wir uns \u00fcber viele Jahre in verschieden gro\u00dfen Schritten hineingew\u00f6hnen wollten. Atomausstieg, Kohleausstieg, Vernunftausstieg\u2026 Lange Zeit hatte er idealisierend \u00fcber W\u00f6lfe geschrieben, nun ruft er mit nerv\u00f6sem Vokabular \u201eWolf!\u201c und die Leute glauben ihm. Niemand &hellip; <a href=\"http:\/\/www.vernunftkraft-hessen.de\/wordpress\/2022\/04\/05\/habecks-harte-landung-achgut-com\/\" class=\"more-link\"><span class=\"screen-reader-text\">\u201eHabecks harte Landung \u2013\u00a0 ACHGUT.COM\u201c<\/span> weiterlesen<\/a><\/p>\n","protected":false},"author":26,"featured_media":0,"comment_status":"closed","ping_status":"closed","sticky":false,"template":"","format":"standard","meta":{"footnotes":""},"categories":[222],"tags":[175,29,6,250],"class_list":["post-32129","post","type-post","status-publish","format-standard","hentry","category-energiepolitik","tag-energiepolitik","tag-parteien","tag-politik","tag-versorgungssicherheit"],"_links":{"self":[{"href":"http:\/\/www.vernunftkraft-hessen.de\/wordpress\/wp-json\/wp\/v2\/posts\/32129","targetHints":{"allow":["GET"]}}],"collection":[{"href":"http:\/\/www.vernunftkraft-hessen.de\/wordpress\/wp-json\/wp\/v2\/posts"}],"about":[{"href":"http:\/\/www.vernunftkraft-hessen.de\/wordpress\/wp-json\/wp\/v2\/types\/post"}],"author":[{"embeddable":true,"href":"http:\/\/www.vernunftkraft-hessen.de\/wordpress\/wp-json\/wp\/v2\/users\/26"}],"replies":[{"embeddable":true,"href":"http:\/\/www.vernunftkraft-hessen.de\/wordpress\/wp-json\/wp\/v2\/comments?post=32129"}],"version-history":[{"count":3,"href":"http:\/\/www.vernunftkraft-hessen.de\/wordpress\/wp-json\/wp\/v2\/posts\/32129\/revisions"}],"predecessor-version":[{"id":32132,"href":"http:\/\/www.vernunftkraft-hessen.de\/wordpress\/wp-json\/wp\/v2\/posts\/32129\/revisions\/32132"}],"wp:attachment":[{"href":"http:\/\/www.vernunftkraft-hessen.de\/wordpress\/wp-json\/wp\/v2\/media?parent=32129"}],"wp:term":[{"taxonomy":"category","embeddable":true,"href":"http:\/\/www.vernunftkraft-hessen.de\/wordpress\/wp-json\/wp\/v2\/categories?post=32129"},{"taxonomy":"post_tag","embeddable":true,"href":"http:\/\/www.vernunftkraft-hessen.de\/wordpress\/wp-json\/wp\/v2\/tags?post=32129"}],"curies":[{"name":"wp","href":"https:\/\/api.w.org\/{rel}","templated":true}]}}