{"id":32507,"date":"2022-04-26T02:12:01","date_gmt":"2022-04-26T00:12:01","guid":{"rendered":"http:\/\/www.vernunftkraft-hessen.de\/wordpress\/?p=32507"},"modified":"2022-04-26T02:12:54","modified_gmt":"2022-04-26T00:12:54","slug":"energiekrise-im-extremfall-ist-eine-enteignung-von-unternehmen-moeglich-et","status":"publish","type":"post","link":"http:\/\/www.vernunftkraft-hessen.de\/wordpress\/2022\/04\/26\/energiekrise-im-extremfall-ist-eine-enteignung-von-unternehmen-moeglich-et\/","title":{"rendered":"Energiekrise: Im Extremfall ist eine Enteignung von Unternehmen m\u00f6glich | ET"},"content":{"rendered":"<blockquote><p><span style=\"font-size: 12pt;\"><strong> Beschluss des Bundeskabinetts \u2013 Energiekrise: Im Extremfall ist eine Enteignung von Unternehmen m\u00f6glich.<\/strong><\/span><\/p><\/blockquote>\n<p>Weiterlesen und Podcast anh\u00f6ren: <em><a href=\"https:\/\/www.epochtimes.de\/politik\/deutschland\/energiekrise-im-extremfall-ist-eine-enteignung-von-unternehmen-moeglich-a3805999.html\" target=\"_blank\" rel=\"noopener noreferrer\">Energiekrise: Im Extremfall ist eine Enteignung von Unternehmen m\u00f6glich<\/a><\/em><\/p>\n","protected":false},"excerpt":{"rendered":"<p>Beschluss des Bundeskabinetts \u2013 Energiekrise: Im Extremfall ist eine Enteignung von Unternehmen m\u00f6glich. Weiterlesen und Podcast anh\u00f6ren: Energiekrise: Im Extremfall ist eine Enteignung von Unternehmen m\u00f6glich<\/p>\n","protected":false},"author":26,"featured_media":0,"comment_status":"closed","ping_status":"closed","sticky":false,"template":"","format":"standard","meta":{"footnotes":""},"categories":[222],"tags":[633,175,172,251],"class_list":["post-32507","post","type-post","status-publish","format-standard","hentry","category-energiepolitik","tag-energiekrise","tag-energiepolitik","tag-enteignung","tag-planwirtschaft"],"_links":{"self":[{"href":"http:\/\/www.vernunftkraft-hessen.de\/wordpress\/wp-json\/wp\/v2\/posts\/32507","targetHints":{"allow":["GET"]}}],"collection":[{"href":"http:\/\/www.vernunftkraft-hessen.de\/wordpress\/wp-json\/wp\/v2\/posts"}],"about":[{"href":"http:\/\/www.vernunftkraft-hessen.de\/wordpress\/wp-json\/wp\/v2\/types\/post"}],"author":[{"embeddable":true,"href":"http:\/\/www.vernunftkraft-hessen.de\/wordpress\/wp-json\/wp\/v2\/users\/26"}],"replies":[{"embeddable":true,"href":"http:\/\/www.vernunftkraft-hessen.de\/wordpress\/wp-json\/wp\/v2\/comments?post=32507"}],"version-history":[{"count":2,"href":"http:\/\/www.vernunftkraft-hessen.de\/wordpress\/wp-json\/wp\/v2\/posts\/32507\/revisions"}],"predecessor-version":[{"id":32509,"href":"http:\/\/www.vernunftkraft-hessen.de\/wordpress\/wp-json\/wp\/v2\/posts\/32507\/revisions\/32509"}],"wp:attachment":[{"href":"http:\/\/www.vernunftkraft-hessen.de\/wordpress\/wp-json\/wp\/v2\/media?parent=32507"}],"wp:term":[{"taxonomy":"category","embeddable":true,"href":"http:\/\/www.vernunftkraft-hessen.de\/wordpress\/wp-json\/wp\/v2\/categories?post=32507"},{"taxonomy":"post_tag","embeddable":true,"href":"http:\/\/www.vernunftkraft-hessen.de\/wordpress\/wp-json\/wp\/v2\/tags?post=32507"}],"curies":[{"name":"wp","href":"https:\/\/api.w.org\/{rel}","templated":true}]}}