{"id":32510,"date":"2022-04-26T02:14:35","date_gmt":"2022-04-26T00:14:35","guid":{"rendered":"http:\/\/www.vernunftkraft-hessen.de\/wordpress\/?p=32510"},"modified":"2022-04-26T02:15:58","modified_gmt":"2022-04-26T00:15:58","slug":"21-04-2022-ni-begruendet-klagen-zum-reinhardswald","status":"publish","type":"post","link":"http:\/\/www.vernunftkraft-hessen.de\/wordpress\/2022\/04\/26\/21-04-2022-ni-begruendet-klagen-zum-reinhardswald\/","title":{"rendered":"21.04.2022 &#8211; NI begr\u00fcndet Klagen zum Reinhardswald"},"content":{"rendered":"<blockquote><p><span style=\"font-size: 12pt;\"><strong>Die Naturschutzinitiative e.V. (NI) hat nunmehr umfangreich ihre Klage gegen die Errichtung von 18 Windenergieanlagen im Reinhardswald begr\u00fcndet. Auch zum Eilantrag, mit dem ein Baustopp bewirkt werden soll, wurde erg\u00e4nzend antragsbegr\u00fcndend ausgef\u00fchrt, denn die erteilte Genehmigung ist nach Auffassung der NI offensichtlich rechtswidrig.<\/strong><\/span><\/p><\/blockquote>\n<p>Weiterlesen: <em><a href=\"https:\/\/naturschutz-initiative.de\/neuigkeiten\/1227-21-04-2022-ni-begruendet-klagen-zum-reinhardswald\" target=\"_blank\" rel=\"noopener noreferrer\">21.04.2022 &#8211; NI begr\u00fcndet Klagen zum Reinhardswald<\/a><\/em><\/p>\n","protected":false},"excerpt":{"rendered":"<p>Die Naturschutzinitiative e.V. (NI) hat nunmehr umfangreich ihre Klage gegen die Errichtung von 18 Windenergieanlagen im Reinhardswald begr\u00fcndet. Auch zum Eilantrag, mit dem ein Baustopp bewirkt werden soll, wurde erg\u00e4nzend antragsbegr\u00fcndend ausgef\u00fchrt, denn die erteilte Genehmigung ist nach Auffassung der NI offensichtlich rechtswidrig. Weiterlesen: 21.04.2022 &#8211; NI begr\u00fcndet Klagen zum Reinhardswald<\/p>\n","protected":false},"author":26,"featured_media":0,"comment_status":"closed","ping_status":"closed","sticky":false,"template":"","format":"standard","meta":{"footnotes":""},"categories":[98],"tags":[81,25,370,445,42],"class_list":["post-32510","post","type-post","status-publish","format-standard","hentry","category-zubau","tag-artenschutz","tag-klagen","tag-landschaftsschutz","tag-naturschutz","tag-wald"],"_links":{"self":[{"href":"http:\/\/www.vernunftkraft-hessen.de\/wordpress\/wp-json\/wp\/v2\/posts\/32510","targetHints":{"allow":["GET"]}}],"collection":[{"href":"http:\/\/www.vernunftkraft-hessen.de\/wordpress\/wp-json\/wp\/v2\/posts"}],"about":[{"href":"http:\/\/www.vernunftkraft-hessen.de\/wordpress\/wp-json\/wp\/v2\/types\/post"}],"author":[{"embeddable":true,"href":"http:\/\/www.vernunftkraft-hessen.de\/wordpress\/wp-json\/wp\/v2\/users\/26"}],"replies":[{"embeddable":true,"href":"http:\/\/www.vernunftkraft-hessen.de\/wordpress\/wp-json\/wp\/v2\/comments?post=32510"}],"version-history":[{"count":3,"href":"http:\/\/www.vernunftkraft-hessen.de\/wordpress\/wp-json\/wp\/v2\/posts\/32510\/revisions"}],"predecessor-version":[{"id":32513,"href":"http:\/\/www.vernunftkraft-hessen.de\/wordpress\/wp-json\/wp\/v2\/posts\/32510\/revisions\/32513"}],"wp:attachment":[{"href":"http:\/\/www.vernunftkraft-hessen.de\/wordpress\/wp-json\/wp\/v2\/media?parent=32510"}],"wp:term":[{"taxonomy":"category","embeddable":true,"href":"http:\/\/www.vernunftkraft-hessen.de\/wordpress\/wp-json\/wp\/v2\/categories?post=32510"},{"taxonomy":"post_tag","embeddable":true,"href":"http:\/\/www.vernunftkraft-hessen.de\/wordpress\/wp-json\/wp\/v2\/tags?post=32510"}],"curies":[{"name":"wp","href":"https:\/\/api.w.org\/{rel}","templated":true}]}}