{"id":32791,"date":"2022-05-10T03:56:22","date_gmt":"2022-05-10T01:56:22","guid":{"rendered":"http:\/\/www.vernunftkraft-hessen.de\/wordpress\/?p=32791"},"modified":"2022-05-10T03:56:53","modified_gmt":"2022-05-10T01:56:53","slug":"bayern-verguetungsregeln-in-der-naehe-von-windparks-radio-bamberg","status":"publish","type":"post","link":"http:\/\/www.vernunftkraft-hessen.de\/wordpress\/2022\/05\/10\/bayern-verguetungsregeln-in-der-naehe-von-windparks-radio-bamberg\/","title":{"rendered":"Bayern: Verg\u00fctungsregeln in der N\u00e4he von Windparks | Radio Bamberg"},"content":{"rendered":"<blockquote><p><span style=\"font-size: 12pt;\"><strong>Nach dem Karlsruher Urteil zur finanziellen Beteiligung von B\u00fcrgern an Windr\u00e4dern fordert Bayerns Wirtschaftsminister Hubert Aiwanger (Freie W\u00e4hler) einheitliche Regeln daf\u00fcr. \u00abIch erwarte vom Bund zeitnah ein Gesetz, das die Beteiligung von Windkraftanliegern verpflichtend und m\u00f6glichst bundesweit einheitlich regelt. Und die L\u00e4nder wissen, woran sie sind\u00bb, sagte er der Deutschen Presse-Agentur in M\u00fcnchen. Die Kommunen sollten statt wie bisher 0,2 Cent pro Kilowattstunde bundeseinheitlich 0,4 Cent erhalten.<\/strong><\/span><\/p><\/blockquote>\n<p>Weiterlesen: <em><a href=\"https:\/\/www.radio-bamberg.de\/bayern-verguetungsregeln-in-der-naehe-von-windparks-9377748\/\" target=\"_blank\" rel=\"noopener noreferrer\">Bayern: Verg\u00fctungsregeln in der N\u00e4he von Windparks | Radio Bamberg<\/a><\/em><\/p>\n","protected":false},"excerpt":{"rendered":"<p>Nach dem Karlsruher Urteil zur finanziellen Beteiligung von B\u00fcrgern an Windr\u00e4dern fordert Bayerns Wirtschaftsminister Hubert Aiwanger (Freie W\u00e4hler) einheitliche Regeln daf\u00fcr. \u00abIch erwarte vom Bund zeitnah ein Gesetz, das die Beteiligung von Windkraftanliegern verpflichtend und m\u00f6glichst bundesweit einheitlich regelt. Und die L\u00e4nder wissen, woran sie sind\u00bb, sagte er der Deutschen Presse-Agentur in M\u00fcnchen. Die Kommunen &hellip; <a href=\"http:\/\/www.vernunftkraft-hessen.de\/wordpress\/2022\/05\/10\/bayern-verguetungsregeln-in-der-naehe-von-windparks-radio-bamberg\/\" class=\"more-link\"><span class=\"screen-reader-text\">\u201eBayern: Verg\u00fctungsregeln in der N\u00e4he von Windparks | Radio Bamberg\u201c<\/span> weiterlesen<\/a><\/p>\n","protected":false},"author":26,"featured_media":0,"comment_status":"closed","ping_status":"closed","sticky":false,"template":"","format":"standard","meta":{"footnotes":""},"categories":[222],"tags":[175,17,38],"class_list":["post-32791","post","type-post","status-publish","format-standard","hentry","category-energiepolitik","tag-energiepolitik","tag-energiewende","tag-kommune"],"_links":{"self":[{"href":"http:\/\/www.vernunftkraft-hessen.de\/wordpress\/wp-json\/wp\/v2\/posts\/32791","targetHints":{"allow":["GET"]}}],"collection":[{"href":"http:\/\/www.vernunftkraft-hessen.de\/wordpress\/wp-json\/wp\/v2\/posts"}],"about":[{"href":"http:\/\/www.vernunftkraft-hessen.de\/wordpress\/wp-json\/wp\/v2\/types\/post"}],"author":[{"embeddable":true,"href":"http:\/\/www.vernunftkraft-hessen.de\/wordpress\/wp-json\/wp\/v2\/users\/26"}],"replies":[{"embeddable":true,"href":"http:\/\/www.vernunftkraft-hessen.de\/wordpress\/wp-json\/wp\/v2\/comments?post=32791"}],"version-history":[{"count":2,"href":"http:\/\/www.vernunftkraft-hessen.de\/wordpress\/wp-json\/wp\/v2\/posts\/32791\/revisions"}],"predecessor-version":[{"id":32793,"href":"http:\/\/www.vernunftkraft-hessen.de\/wordpress\/wp-json\/wp\/v2\/posts\/32791\/revisions\/32793"}],"wp:attachment":[{"href":"http:\/\/www.vernunftkraft-hessen.de\/wordpress\/wp-json\/wp\/v2\/media?parent=32791"}],"wp:term":[{"taxonomy":"category","embeddable":true,"href":"http:\/\/www.vernunftkraft-hessen.de\/wordpress\/wp-json\/wp\/v2\/categories?post=32791"},{"taxonomy":"post_tag","embeddable":true,"href":"http:\/\/www.vernunftkraft-hessen.de\/wordpress\/wp-json\/wp\/v2\/tags?post=32791"}],"curies":[{"name":"wp","href":"https:\/\/api.w.org\/{rel}","templated":true}]}}