{"id":32810,"date":"2022-05-10T18:49:59","date_gmt":"2022-05-10T16:49:59","guid":{"rendered":"http:\/\/www.vernunftkraft-hessen.de\/wordpress\/?p=32810"},"modified":"2022-05-10T18:50:36","modified_gmt":"2022-05-10T16:50:36","slug":"energiepolitisches-umdenken-ist-im-idsteiner-land-angekommen-wiesbadener-kurier","status":"publish","type":"post","link":"http:\/\/www.vernunftkraft-hessen.de\/wordpress\/2022\/05\/10\/energiepolitisches-umdenken-ist-im-idsteiner-land-angekommen-wiesbadener-kurier\/","title":{"rendered":"Energiepolitisches Umdenken ist im Idsteiner Land angekommen | Wiesbadener Kurier"},"content":{"rendered":"<blockquote><p><span style=\"font-size: 12pt;\"><strong>Energiepolitisches Umdenken ist im Idsteiner Land angekommen Unter dem Druck aktueller Ereignisse zeigt sich auch die CDU in der Region auf einmal offen f\u00fcr Windkraft. Gemeinsame Entscheidungen \u00fcber Windr\u00e4der werden gefordert.<\/strong><\/span><\/p><\/blockquote>\n<p>Quelle: <em><a href=\"https:\/\/www.wiesbadener-kurier.de\/lokales\/untertaunus\/idstein\/energiepolitisches-umdenken-ist-im-idsteiner-land-angekommen_25513998\">Energiepolitisches Umdenken ist im Idsteiner Land angekommen<\/a><\/em><\/p>\n","protected":false},"excerpt":{"rendered":"<p>Energiepolitisches Umdenken ist im Idsteiner Land angekommen Unter dem Druck aktueller Ereignisse zeigt sich auch die CDU in der Region auf einmal offen f\u00fcr Windkraft. Gemeinsame Entscheidungen \u00fcber Windr\u00e4der werden gefordert. Quelle: Energiepolitisches Umdenken ist im Idsteiner Land angekommen<\/p>\n","protected":false},"author":26,"featured_media":0,"comment_status":"closed","ping_status":"closed","sticky":false,"template":"","format":"standard","meta":{"footnotes":""},"categories":[98],"tags":[38,29,6,90,49],"class_list":["post-32810","post","type-post","status-publish","format-standard","hentry","category-zubau","tag-kommune","tag-parteien","tag-politik","tag-vorranggebiete","tag-zubau"],"_links":{"self":[{"href":"http:\/\/www.vernunftkraft-hessen.de\/wordpress\/wp-json\/wp\/v2\/posts\/32810","targetHints":{"allow":["GET"]}}],"collection":[{"href":"http:\/\/www.vernunftkraft-hessen.de\/wordpress\/wp-json\/wp\/v2\/posts"}],"about":[{"href":"http:\/\/www.vernunftkraft-hessen.de\/wordpress\/wp-json\/wp\/v2\/types\/post"}],"author":[{"embeddable":true,"href":"http:\/\/www.vernunftkraft-hessen.de\/wordpress\/wp-json\/wp\/v2\/users\/26"}],"replies":[{"embeddable":true,"href":"http:\/\/www.vernunftkraft-hessen.de\/wordpress\/wp-json\/wp\/v2\/comments?post=32810"}],"version-history":[{"count":2,"href":"http:\/\/www.vernunftkraft-hessen.de\/wordpress\/wp-json\/wp\/v2\/posts\/32810\/revisions"}],"predecessor-version":[{"id":32812,"href":"http:\/\/www.vernunftkraft-hessen.de\/wordpress\/wp-json\/wp\/v2\/posts\/32810\/revisions\/32812"}],"wp:attachment":[{"href":"http:\/\/www.vernunftkraft-hessen.de\/wordpress\/wp-json\/wp\/v2\/media?parent=32810"}],"wp:term":[{"taxonomy":"category","embeddable":true,"href":"http:\/\/www.vernunftkraft-hessen.de\/wordpress\/wp-json\/wp\/v2\/categories?post=32810"},{"taxonomy":"post_tag","embeddable":true,"href":"http:\/\/www.vernunftkraft-hessen.de\/wordpress\/wp-json\/wp\/v2\/tags?post=32810"}],"curies":[{"name":"wp","href":"https:\/\/api.w.org\/{rel}","templated":true}]}}