{"id":32939,"date":"2022-05-20T02:38:02","date_gmt":"2022-05-20T00:38:02","guid":{"rendered":"http:\/\/www.vernunftkraft-hessen.de\/wordpress\/?p=32939"},"modified":"2022-05-20T02:38:33","modified_gmt":"2022-05-20T00:38:33","slug":"jetzt-ist-der-zeitpunkt-fuer-den-aufbruch-scholz-ruft-zu-mut-und-tempo-bei-windenergie-ausbau-auf-politik-tagesspiegel","status":"publish","type":"post","link":"http:\/\/www.vernunftkraft-hessen.de\/wordpress\/2022\/05\/20\/jetzt-ist-der-zeitpunkt-fuer-den-aufbruch-scholz-ruft-zu-mut-und-tempo-bei-windenergie-ausbau-auf-politik-tagesspiegel\/","title":{"rendered":"\u201eJetzt ist der Zeitpunkt f\u00fcr den Aufbruch\u201c: Scholz ruft zu Mut und Tempo bei Windenergie-Ausbau auf &#8211; Politik &#8211; Tagesspiegel"},"content":{"rendered":"<blockquote><p><span style=\"font-size: 12pt;\"><strong>Bundeskanzler Olaf Scholz wirbt f\u00fcr eine st\u00e4rkere Nutzung der Windkraft f\u00fcr die Stromerzeugung. D\u00e4nemark, Belgien und die Niederlande stehen ihm bei.<\/strong><\/span><\/p><\/blockquote>\n<p>Weiterlesen: <em><a href=\"https:\/\/www.tagesspiegel.de\/politik\/jetzt-ist-der-zeitpunkt-fuer-den-aufbruch-scholz-ruft-zu-mut-und-tempo-bei-windenergie-ausbau-auf\/28356404.html?fbclid=IwAR2JB59to1cNdFfrEBB9HxavcGL3WK-Xa0JZUnqGBXTbItg13rYdXGF0m9k\">\u201eJetzt ist der Zeitpunkt f\u00fcr den Aufbruch\u201c: Scholz ruft zu Mut und Tempo bei Windenergie-Ausbau auf &#8211; Politik &#8211; Tagesspiegel<\/a><\/em><\/p>\n","protected":false},"excerpt":{"rendered":"<p>Bundeskanzler Olaf Scholz wirbt f\u00fcr eine st\u00e4rkere Nutzung der Windkraft f\u00fcr die Stromerzeugung. D\u00e4nemark, Belgien und die Niederlande stehen ihm bei. Weiterlesen: \u201eJetzt ist der Zeitpunkt f\u00fcr den Aufbruch\u201c: Scholz ruft zu Mut und Tempo bei Windenergie-Ausbau auf &#8211; Politik &#8211; Tagesspiegel<\/p>\n","protected":false},"author":26,"featured_media":0,"comment_status":"closed","ping_status":"closed","sticky":false,"template":"","format":"standard","meta":{"footnotes":""},"categories":[222],"tags":[175,17,6,49],"class_list":["post-32939","post","type-post","status-publish","format-standard","hentry","category-energiepolitik","tag-energiepolitik","tag-energiewende","tag-politik","tag-zubau"],"_links":{"self":[{"href":"http:\/\/www.vernunftkraft-hessen.de\/wordpress\/wp-json\/wp\/v2\/posts\/32939","targetHints":{"allow":["GET"]}}],"collection":[{"href":"http:\/\/www.vernunftkraft-hessen.de\/wordpress\/wp-json\/wp\/v2\/posts"}],"about":[{"href":"http:\/\/www.vernunftkraft-hessen.de\/wordpress\/wp-json\/wp\/v2\/types\/post"}],"author":[{"embeddable":true,"href":"http:\/\/www.vernunftkraft-hessen.de\/wordpress\/wp-json\/wp\/v2\/users\/26"}],"replies":[{"embeddable":true,"href":"http:\/\/www.vernunftkraft-hessen.de\/wordpress\/wp-json\/wp\/v2\/comments?post=32939"}],"version-history":[{"count":2,"href":"http:\/\/www.vernunftkraft-hessen.de\/wordpress\/wp-json\/wp\/v2\/posts\/32939\/revisions"}],"predecessor-version":[{"id":32941,"href":"http:\/\/www.vernunftkraft-hessen.de\/wordpress\/wp-json\/wp\/v2\/posts\/32939\/revisions\/32941"}],"wp:attachment":[{"href":"http:\/\/www.vernunftkraft-hessen.de\/wordpress\/wp-json\/wp\/v2\/media?parent=32939"}],"wp:term":[{"taxonomy":"category","embeddable":true,"href":"http:\/\/www.vernunftkraft-hessen.de\/wordpress\/wp-json\/wp\/v2\/categories?post=32939"},{"taxonomy":"post_tag","embeddable":true,"href":"http:\/\/www.vernunftkraft-hessen.de\/wordpress\/wp-json\/wp\/v2\/tags?post=32939"}],"curies":[{"name":"wp","href":"https:\/\/api.w.org\/{rel}","templated":true}]}}