{"id":32952,"date":"2022-05-20T03:04:01","date_gmt":"2022-05-20T01:04:01","guid":{"rendered":"http:\/\/www.vernunftkraft-hessen.de\/wordpress\/?p=32952"},"modified":"2022-05-20T03:04:51","modified_gmt":"2022-05-20T01:04:51","slug":"bruessel-verschaerft-verfahren-gegen-deutschland-wegen-oeko-energien-et","status":"publish","type":"post","link":"http:\/\/www.vernunftkraft-hessen.de\/wordpress\/2022\/05\/20\/bruessel-verschaerft-verfahren-gegen-deutschland-wegen-oeko-energien-et\/","title":{"rendered":"Br\u00fcssel versch\u00e4rft Verfahren gegen Deutschland wegen \u00d6ko-Energien | ET"},"content":{"rendered":"<blockquote><p><span style=\"font-size: 12pt;\"><strong>Die EU-Kommission sieht in Deutschland die Vorgaben zum Ausbau erneuerbarer Energietr\u00e4ger wie Windkraft und Sonne nicht umgesetzt. Br\u00fcssel versch\u00e4rfte deshalb am Donnerstag ein Vertragsverletzungs-verfahren gegen die Bundesregierung, wie die Kommission mitteilte. Die Ampel-Koalition hat nun zwei Monate Zeit f\u00fcr eine Stellungnahme. Im \u00e4u\u00dfersten Fall droht eine Klage vor dem Europ\u00e4ischen Gerichtshof (EuGH).<\/strong><\/span><\/p><\/blockquote>\n<p>Weiterlesen: <em><a href=\"https:\/\/www.epochtimes.de\/politik\/deutschland\/bruessel-verschaerft-verfahren-gegen-deutschland-wegen-oeko-energien-a3833187.html\" target=\"_blank\" rel=\"noopener noreferrer\">Br\u00fcssel versch\u00e4rft Verfahren gegen Deutschland wegen \u00d6ko-Energien<\/a><\/em><\/p>\n","protected":false},"excerpt":{"rendered":"<p>Die EU-Kommission sieht in Deutschland die Vorgaben zum Ausbau erneuerbarer Energietr\u00e4ger wie Windkraft und Sonne nicht umgesetzt. Br\u00fcssel versch\u00e4rfte deshalb am Donnerstag ein Vertragsverletzungs-verfahren gegen die Bundesregierung, wie die Kommission mitteilte. Die Ampel-Koalition hat nun zwei Monate Zeit f\u00fcr eine Stellungnahme. Im \u00e4u\u00dfersten Fall droht eine Klage vor dem Europ\u00e4ischen Gerichtshof (EuGH). Weiterlesen: Br\u00fcssel versch\u00e4rft &hellip; <a href=\"http:\/\/www.vernunftkraft-hessen.de\/wordpress\/2022\/05\/20\/bruessel-verschaerft-verfahren-gegen-deutschland-wegen-oeko-energien-et\/\" class=\"more-link\"><span class=\"screen-reader-text\">\u201eBr\u00fcssel versch\u00e4rft Verfahren gegen Deutschland wegen \u00d6ko-Energien | ET\u201c<\/span> weiterlesen<\/a><\/p>\n","protected":false},"author":26,"featured_media":0,"comment_status":"closed","ping_status":"closed","sticky":false,"template":"","format":"standard","meta":{"footnotes":""},"categories":[222],"tags":[175,17,240,614],"class_list":["post-32952","post","type-post","status-publish","format-standard","hentry","category-energiepolitik","tag-energiepolitik","tag-energiewende","tag-eu","tag-eugh"],"_links":{"self":[{"href":"http:\/\/www.vernunftkraft-hessen.de\/wordpress\/wp-json\/wp\/v2\/posts\/32952","targetHints":{"allow":["GET"]}}],"collection":[{"href":"http:\/\/www.vernunftkraft-hessen.de\/wordpress\/wp-json\/wp\/v2\/posts"}],"about":[{"href":"http:\/\/www.vernunftkraft-hessen.de\/wordpress\/wp-json\/wp\/v2\/types\/post"}],"author":[{"embeddable":true,"href":"http:\/\/www.vernunftkraft-hessen.de\/wordpress\/wp-json\/wp\/v2\/users\/26"}],"replies":[{"embeddable":true,"href":"http:\/\/www.vernunftkraft-hessen.de\/wordpress\/wp-json\/wp\/v2\/comments?post=32952"}],"version-history":[{"count":3,"href":"http:\/\/www.vernunftkraft-hessen.de\/wordpress\/wp-json\/wp\/v2\/posts\/32952\/revisions"}],"predecessor-version":[{"id":32955,"href":"http:\/\/www.vernunftkraft-hessen.de\/wordpress\/wp-json\/wp\/v2\/posts\/32952\/revisions\/32955"}],"wp:attachment":[{"href":"http:\/\/www.vernunftkraft-hessen.de\/wordpress\/wp-json\/wp\/v2\/media?parent=32952"}],"wp:term":[{"taxonomy":"category","embeddable":true,"href":"http:\/\/www.vernunftkraft-hessen.de\/wordpress\/wp-json\/wp\/v2\/categories?post=32952"},{"taxonomy":"post_tag","embeddable":true,"href":"http:\/\/www.vernunftkraft-hessen.de\/wordpress\/wp-json\/wp\/v2\/tags?post=32952"}],"curies":[{"name":"wp","href":"https:\/\/api.w.org\/{rel}","templated":true}]}}