{"id":33097,"date":"2022-05-28T03:45:08","date_gmt":"2022-05-28T01:45:08","guid":{"rendered":"http:\/\/www.vernunftkraft-hessen.de\/wordpress\/?p=33097"},"modified":"2022-05-28T03:47:42","modified_gmt":"2022-05-28T01:47:42","slug":"ni-e-v-wissenschaftler-kritisieren-eckpunktepapier-der-bundesregierung","status":"publish","type":"post","link":"http:\/\/www.vernunftkraft-hessen.de\/wordpress\/2022\/05\/28\/ni-e-v-wissenschaftler-kritisieren-eckpunktepapier-der-bundesregierung\/","title":{"rendered":"NI e.V. &#8211; Wissenschaftler kritisieren \u201eEckpunktepapier\u201c der Bundesregierung"},"content":{"rendered":"<blockquote><p><span style=\"font-size: 12pt;\"><strong>Zahlreiche Wissenschaftler kritisieren das \u201eEckpunktepapier\u201c\/Osterpaket\u201c des Bundeswirtschafts- und Umweltministeriums und fordern, Landschaften und W\u00e4lder zu sch\u00fctzen.<\/strong><\/span><\/p><\/blockquote>\n<p><!--more--><\/p>\n<blockquote><p><span style=\"font-size: 12pt;\"><strong>In einem 53-seitigen Papier des bundesweit t\u00e4tigen Umweltverbandes Naturschutzinitiative (NI) analysieren die Wissenschaftler, Juristen und Natursch\u00fctzer die geplanten \u00c4nderungen des Erneuerbare Energien Gesetzes (EEG) in Bezug auf ihre Vereinbarkeit mit dem europ\u00e4ischen Recht. Sie beleuchten die Auswirkungen von Windenergieanlagen auf unsere W\u00e4lder und Landschaftsschutzgebiete, den Artenschutz sowie die f\u00fcr das \u00dcberleben der Menschheit wichtigen Biodiversit\u00e4t.<\/strong><\/span><\/p><\/blockquote>\n<iframe src=\"\/\/docs.google.com\/viewer?url=http%3A%2F%2Fwww.vernunftkraft-hessen.de%2Fwordpress%2Fwp-content%2Fuploads%2F2022%2F05%2Fwissenschaftlerkritisiereneegeckpunktepapier2022.pdf&hl=de&embedded=true\" class=\"gde-frame\" style=\"width:100%; height:500px; border: none;\" scrolling=\"no\"><\/iframe>\n<p class=\"gde-text\"><a href=\"http:\/\/www.vernunftkraft-hessen.de\/wordpress\/wp-content\/uploads\/2022\/05\/wissenschaftlerkritisiereneegeckpunktepapier2022.pdf\" class=\"gde-link\">Download (PDF, 5.64MB)<\/a><\/p>\n<p><strong>Lesen Sie auch den Textbeitrag der NI e.V.: <em><a href=\"https:\/\/naturschutz-initiative.de\/neuigkeiten\/1256-27-05-2022-wissenschaftler-kritisieren-eckpunktepapier-der-bundesregierung\">27.05.2022 &#8211; Wissenschaftler kritisieren \u201eEckpunktepapier\u201c der Bundesregierung<\/a><\/em><\/strong><\/p>\n","protected":false},"excerpt":{"rendered":"<p>Zahlreiche Wissenschaftler kritisieren das \u201eEckpunktepapier\u201c\/Osterpaket\u201c des Bundeswirtschafts- und Umweltministeriums und fordern, Landschaften und W\u00e4lder zu sch\u00fctzen.<\/p>\n","protected":false},"author":26,"featured_media":0,"comment_status":"closed","ping_status":"closed","sticky":false,"template":"","format":"standard","meta":{"footnotes":""},"categories":[222],"tags":[81,175,370,445,42],"class_list":["post-33097","post","type-post","status-publish","format-standard","hentry","category-energiepolitik","tag-artenschutz","tag-energiepolitik","tag-landschaftsschutz","tag-naturschutz","tag-wald"],"_links":{"self":[{"href":"http:\/\/www.vernunftkraft-hessen.de\/wordpress\/wp-json\/wp\/v2\/posts\/33097","targetHints":{"allow":["GET"]}}],"collection":[{"href":"http:\/\/www.vernunftkraft-hessen.de\/wordpress\/wp-json\/wp\/v2\/posts"}],"about":[{"href":"http:\/\/www.vernunftkraft-hessen.de\/wordpress\/wp-json\/wp\/v2\/types\/post"}],"author":[{"embeddable":true,"href":"http:\/\/www.vernunftkraft-hessen.de\/wordpress\/wp-json\/wp\/v2\/users\/26"}],"replies":[{"embeddable":true,"href":"http:\/\/www.vernunftkraft-hessen.de\/wordpress\/wp-json\/wp\/v2\/comments?post=33097"}],"version-history":[{"count":3,"href":"http:\/\/www.vernunftkraft-hessen.de\/wordpress\/wp-json\/wp\/v2\/posts\/33097\/revisions"}],"predecessor-version":[{"id":33101,"href":"http:\/\/www.vernunftkraft-hessen.de\/wordpress\/wp-json\/wp\/v2\/posts\/33097\/revisions\/33101"}],"wp:attachment":[{"href":"http:\/\/www.vernunftkraft-hessen.de\/wordpress\/wp-json\/wp\/v2\/media?parent=33097"}],"wp:term":[{"taxonomy":"category","embeddable":true,"href":"http:\/\/www.vernunftkraft-hessen.de\/wordpress\/wp-json\/wp\/v2\/categories?post=33097"},{"taxonomy":"post_tag","embeddable":true,"href":"http:\/\/www.vernunftkraft-hessen.de\/wordpress\/wp-json\/wp\/v2\/tags?post=33097"}],"curies":[{"name":"wp","href":"https:\/\/api.w.org\/{rel}","templated":true}]}}