{"id":33386,"date":"2022-06-15T04:59:32","date_gmt":"2022-06-15T02:59:32","guid":{"rendered":"http:\/\/www.vernunftkraft-hessen.de\/wordpress\/?p=33386"},"modified":"2022-06-15T05:00:43","modified_gmt":"2022-06-15T03:00:43","slug":"in-der-atomkraft-debatte-laesst-habeck-eine-hintertuer-offen-te","status":"publish","type":"post","link":"http:\/\/www.vernunftkraft-hessen.de\/wordpress\/2022\/06\/15\/in-der-atomkraft-debatte-laesst-habeck-eine-hintertuer-offen-te\/","title":{"rendered":"In der Atomkraft-Debatte l\u00e4sst Habeck eine Hintert\u00fcr offen | TE"},"content":{"rendered":"<blockquote><p><span style=\"font-size: 12pt;\"><strong>SPD und Gr\u00fcne versuchen, die Diskussion \u00fcber einen Weiterbetrieb der letzten Kernkraftwerke zu ersticken. Auf Anfrage von TE nennt das Wirtschaftsministerium allerdings ein interessantes Detail zur M\u00f6glichkeit, den Ausstieg hinauszuschieben.<\/strong><\/span><\/p><\/blockquote>\n<blockquote class=\"wp-embedded-content\" data-secret=\"axgFYoYxcR\"><p><a href=\"https:\/\/www.tichyseinblick.de\/wirtschaft\/atomkraft-debatte-laesst-habeck\/\">In der Atomkraft-Debatte l\u00e4sst Habeck eine Hintert\u00fcr offen<\/a><\/p><\/blockquote>\n<p><iframe loading=\"lazy\" class=\"wp-embedded-content\" sandbox=\"allow-scripts\" security=\"restricted\" style=\"position: absolute; clip: rect(1px, 1px, 1px, 1px);\" src=\"https:\/\/www.tichyseinblick.de\/wirtschaft\/atomkraft-debatte-laesst-habeck\/embed\/#?secret=axgFYoYxcR\" data-secret=\"axgFYoYxcR\" width=\"600\" height=\"338\" title=\"&#8222;In der Atomkraft-Debatte l\u00e4sst Habeck eine Hintert\u00fcr offen&#8220; &#8212; Tichys Einblick\" frameborder=\"0\" marginwidth=\"0\" marginheight=\"0\" scrolling=\"no\"><\/iframe><\/p>\n<p>Weiterlesen: <em><a href=\"https:\/\/www.tichyseinblick.de\/wirtschaft\/atomkraft-debatte-laesst-habeck\/\" target=\"_blank\" rel=\"noopener noreferrer\">In dWeiterlesener Atomkraft-Debatte l\u00e4sst Habeck eine Hintert\u00fcr offen<\/a><\/em><\/p>\n","protected":false},"excerpt":{"rendered":"<p>SPD und Gr\u00fcne versuchen, die Diskussion \u00fcber einen Weiterbetrieb der letzten Kernkraftwerke zu ersticken. Auf Anfrage von TE nennt das Wirtschaftsministerium allerdings ein interessantes Detail zur M\u00f6glichkeit, den Ausstieg hinauszuschieben. In der Atomkraft-Debatte l\u00e4sst Habeck eine Hintert\u00fcr offen Weiterlesen: In dWeiterlesener Atomkraft-Debatte l\u00e4sst Habeck eine Hintert\u00fcr offen<\/p>\n","protected":false},"author":26,"featured_media":0,"comment_status":"closed","ping_status":"closed","sticky":false,"template":"","format":"standard","meta":{"footnotes":""},"categories":[222],"tags":[142,175,587,29,6],"class_list":["post-33386","post","type-post","status-publish","format-standard","hentry","category-energiepolitik","tag-atomausstieg","tag-energiepolitik","tag-inflation","tag-parteien","tag-politik"],"_links":{"self":[{"href":"http:\/\/www.vernunftkraft-hessen.de\/wordpress\/wp-json\/wp\/v2\/posts\/33386","targetHints":{"allow":["GET"]}}],"collection":[{"href":"http:\/\/www.vernunftkraft-hessen.de\/wordpress\/wp-json\/wp\/v2\/posts"}],"about":[{"href":"http:\/\/www.vernunftkraft-hessen.de\/wordpress\/wp-json\/wp\/v2\/types\/post"}],"author":[{"embeddable":true,"href":"http:\/\/www.vernunftkraft-hessen.de\/wordpress\/wp-json\/wp\/v2\/users\/26"}],"replies":[{"embeddable":true,"href":"http:\/\/www.vernunftkraft-hessen.de\/wordpress\/wp-json\/wp\/v2\/comments?post=33386"}],"version-history":[{"count":3,"href":"http:\/\/www.vernunftkraft-hessen.de\/wordpress\/wp-json\/wp\/v2\/posts\/33386\/revisions"}],"predecessor-version":[{"id":33389,"href":"http:\/\/www.vernunftkraft-hessen.de\/wordpress\/wp-json\/wp\/v2\/posts\/33386\/revisions\/33389"}],"wp:attachment":[{"href":"http:\/\/www.vernunftkraft-hessen.de\/wordpress\/wp-json\/wp\/v2\/media?parent=33386"}],"wp:term":[{"taxonomy":"category","embeddable":true,"href":"http:\/\/www.vernunftkraft-hessen.de\/wordpress\/wp-json\/wp\/v2\/categories?post=33386"},{"taxonomy":"post_tag","embeddable":true,"href":"http:\/\/www.vernunftkraft-hessen.de\/wordpress\/wp-json\/wp\/v2\/tags?post=33386"}],"curies":[{"name":"wp","href":"https:\/\/api.w.org\/{rel}","templated":true}]}}