{"id":33448,"date":"2022-06-21T04:54:08","date_gmt":"2022-06-21T02:54:08","guid":{"rendered":"http:\/\/www.vernunftkraft-hessen.de\/wordpress\/?p=33448"},"modified":"2022-06-21T04:54:44","modified_gmt":"2022-06-21T02:54:44","slug":"milliardenprogramm-zur-senkung-des-gasverbrauchs-das-plant-robert-habeck-et","status":"publish","type":"post","link":"http:\/\/www.vernunftkraft-hessen.de\/wordpress\/2022\/06\/21\/milliardenprogramm-zur-senkung-des-gasverbrauchs-das-plant-robert-habeck-et\/","title":{"rendered":"Milliardenprogramm zur Senkung des Gasverbrauchs \u2013 Das plant Robert Habeck | ET"},"content":{"rendered":"<blockquote><p><span style=\"font-size: 12pt;\"><strong>Bundeswirtschaftsminister Robert Habeck (Gr\u00fcne) will angesichts geringerer russischer Gaslieferungen zus\u00e4tzliche Ma\u00dfnahmen ergreifen, um Gas einzusparen. So soll der Einsatz von Gas f\u00fcr die Stromerzeugung und Industrie gesenkt und die Bef\u00fcllung der Speicher vorangetrieben werden. Dazu stellt der Bund Milliardenmittel bereit, wie die Deutsche Presse-Agentur aus Regierungskreisen erfuhr. Au\u00dferdem sollen mehr Kohlekraftwerke zum Einsatz kommen.<\/strong><\/span><\/p><\/blockquote>\n<p>Weiterlesen: <em><a href=\"https:\/\/www.epochtimes.de\/politik\/deutschland\/milliardenprogramm-zur-senkung-des-gasverbrauchs-das-plant-robert-habeck-a3866487.html\" target=\"_blank\" rel=\"noopener noreferrer\">Milliardenprogramm zur Senkung des Gasverbrauchs \u2013 Das plant Robert Habeck<\/a><\/em><\/p>\n","protected":false},"excerpt":{"rendered":"<p>Bundeswirtschaftsminister Robert Habeck (Gr\u00fcne) will angesichts geringerer russischer Gaslieferungen zus\u00e4tzliche Ma\u00dfnahmen ergreifen, um Gas einzusparen. So soll der Einsatz von Gas f\u00fcr die Stromerzeugung und Industrie gesenkt und die Bef\u00fcllung der Speicher vorangetrieben werden. Dazu stellt der Bund Milliardenmittel bereit, wie die Deutsche Presse-Agentur aus Regierungskreisen erfuhr. Au\u00dferdem sollen mehr Kohlekraftwerke zum Einsatz kommen. Weiterlesen: &hellip; <a href=\"http:\/\/www.vernunftkraft-hessen.de\/wordpress\/2022\/06\/21\/milliardenprogramm-zur-senkung-des-gasverbrauchs-das-plant-robert-habeck-et\/\" class=\"more-link\"><span class=\"screen-reader-text\">\u201eMilliardenprogramm zur Senkung des Gasverbrauchs \u2013 Das plant Robert Habeck | ET\u201c<\/span> weiterlesen<\/a><\/p>\n","protected":false},"author":26,"featured_media":0,"comment_status":"closed","ping_status":"closed","sticky":false,"template":"","format":"standard","meta":{"footnotes":""},"categories":[222],"tags":[175,411,250],"class_list":["post-33448","post","type-post","status-publish","format-standard","hentry","category-energiepolitik","tag-energiepolitik","tag-energieversorgung","tag-versorgungssicherheit"],"_links":{"self":[{"href":"http:\/\/www.vernunftkraft-hessen.de\/wordpress\/wp-json\/wp\/v2\/posts\/33448","targetHints":{"allow":["GET"]}}],"collection":[{"href":"http:\/\/www.vernunftkraft-hessen.de\/wordpress\/wp-json\/wp\/v2\/posts"}],"about":[{"href":"http:\/\/www.vernunftkraft-hessen.de\/wordpress\/wp-json\/wp\/v2\/types\/post"}],"author":[{"embeddable":true,"href":"http:\/\/www.vernunftkraft-hessen.de\/wordpress\/wp-json\/wp\/v2\/users\/26"}],"replies":[{"embeddable":true,"href":"http:\/\/www.vernunftkraft-hessen.de\/wordpress\/wp-json\/wp\/v2\/comments?post=33448"}],"version-history":[{"count":2,"href":"http:\/\/www.vernunftkraft-hessen.de\/wordpress\/wp-json\/wp\/v2\/posts\/33448\/revisions"}],"predecessor-version":[{"id":33450,"href":"http:\/\/www.vernunftkraft-hessen.de\/wordpress\/wp-json\/wp\/v2\/posts\/33448\/revisions\/33450"}],"wp:attachment":[{"href":"http:\/\/www.vernunftkraft-hessen.de\/wordpress\/wp-json\/wp\/v2\/media?parent=33448"}],"wp:term":[{"taxonomy":"category","embeddable":true,"href":"http:\/\/www.vernunftkraft-hessen.de\/wordpress\/wp-json\/wp\/v2\/categories?post=33448"},{"taxonomy":"post_tag","embeddable":true,"href":"http:\/\/www.vernunftkraft-hessen.de\/wordpress\/wp-json\/wp\/v2\/tags?post=33448"}],"curies":[{"name":"wp","href":"https:\/\/api.w.org\/{rel}","templated":true}]}}