{"id":33473,"date":"2022-06-21T06:20:03","date_gmt":"2022-06-21T04:20:03","guid":{"rendered":"http:\/\/www.vernunftkraft-hessen.de\/wordpress\/?p=33473"},"modified":"2022-06-21T06:21:13","modified_gmt":"2022-06-21T04:21:13","slug":"habeck-und-die-kernkraft-deutsche-kaltdusche-und-gruene-warmduscher-faz","status":"publish","type":"post","link":"http:\/\/www.vernunftkraft-hessen.de\/wordpress\/2022\/06\/21\/habeck-und-die-kernkraft-deutsche-kaltdusche-und-gruene-warmduscher-faz\/","title":{"rendered":"Habeck und die Kernkraft: Deutsche Kaltdusche und gr\u00fcne Warmduscher | FAZ"},"content":{"rendered":"<blockquote><p><span style=\"font-size: 12pt;\">Die Purzelb\u00e4ume der Bundesregierung, mit denen sie drohenden Gasengp\u00e4ssen und steigenden Energiepreisen entkommen will, zwingen zu immer gr\u00f6\u00dferen Verrenkungen. Wird im Koalitionsvertrag noch Gas als Ersatz f\u00fcr Kohle angepriesen, muss nun Kohle das Gas ersetzen \u2013 nicht etwa Steinkohle, sondern vornehmlich der \u201eKlimakiller\u201c Braunkohle.<\/span><\/p><\/blockquote>\n<p>Weiterlesen: <em><a href=\"https:\/\/www.faz.net\/aktuell\/politik\/habeck-und-die-kernkraft-deutsche-kaltdusche-und-gruene-warmduscher-18115778.html?fbclid=IwAR3PSedQwtYJNR7pBDmvQnjWb3EHRxTY0swWyiPCyV3oa1nLVvQp61Uetlg\" target=\"_blank\" rel=\"noopener noreferrer\">Habeck und die Kernkraft: Deutsche Kaltdusche und gr\u00fcne Warmduscher<\/a><\/em><\/p>\n","protected":false},"excerpt":{"rendered":"<p>Die Purzelb\u00e4ume der Bundesregierung, mit denen sie drohenden Gasengp\u00e4ssen und steigenden Energiepreisen entkommen will, zwingen zu immer gr\u00f6\u00dferen Verrenkungen. Wird im Koalitionsvertrag noch Gas als Ersatz f\u00fcr Kohle angepriesen, muss nun Kohle das Gas ersetzen \u2013 nicht etwa Steinkohle, sondern vornehmlich der \u201eKlimakiller\u201c Braunkohle. Weiterlesen: Habeck und die Kernkraft: Deutsche Kaltdusche und gr\u00fcne Warmduscher<\/p>\n","protected":false},"author":26,"featured_media":0,"comment_status":"closed","ping_status":"closed","sticky":false,"template":"","format":"standard","meta":{"footnotes":""},"categories":[222],"tags":[175,411,17,6,250],"class_list":["post-33473","post","type-post","status-publish","format-standard","hentry","category-energiepolitik","tag-energiepolitik","tag-energieversorgung","tag-energiewende","tag-politik","tag-versorgungssicherheit"],"_links":{"self":[{"href":"http:\/\/www.vernunftkraft-hessen.de\/wordpress\/wp-json\/wp\/v2\/posts\/33473","targetHints":{"allow":["GET"]}}],"collection":[{"href":"http:\/\/www.vernunftkraft-hessen.de\/wordpress\/wp-json\/wp\/v2\/posts"}],"about":[{"href":"http:\/\/www.vernunftkraft-hessen.de\/wordpress\/wp-json\/wp\/v2\/types\/post"}],"author":[{"embeddable":true,"href":"http:\/\/www.vernunftkraft-hessen.de\/wordpress\/wp-json\/wp\/v2\/users\/26"}],"replies":[{"embeddable":true,"href":"http:\/\/www.vernunftkraft-hessen.de\/wordpress\/wp-json\/wp\/v2\/comments?post=33473"}],"version-history":[{"count":3,"href":"http:\/\/www.vernunftkraft-hessen.de\/wordpress\/wp-json\/wp\/v2\/posts\/33473\/revisions"}],"predecessor-version":[{"id":33476,"href":"http:\/\/www.vernunftkraft-hessen.de\/wordpress\/wp-json\/wp\/v2\/posts\/33473\/revisions\/33476"}],"wp:attachment":[{"href":"http:\/\/www.vernunftkraft-hessen.de\/wordpress\/wp-json\/wp\/v2\/media?parent=33473"}],"wp:term":[{"taxonomy":"category","embeddable":true,"href":"http:\/\/www.vernunftkraft-hessen.de\/wordpress\/wp-json\/wp\/v2\/categories?post=33473"},{"taxonomy":"post_tag","embeddable":true,"href":"http:\/\/www.vernunftkraft-hessen.de\/wordpress\/wp-json\/wp\/v2\/tags?post=33473"}],"curies":[{"name":"wp","href":"https:\/\/api.w.org\/{rel}","templated":true}]}}