{"id":33519,"date":"2022-06-23T04:43:08","date_gmt":"2022-06-23T02:43:08","guid":{"rendered":"http:\/\/www.vernunftkraft-hessen.de\/wordpress\/?p=33519"},"modified":"2022-06-23T04:43:45","modified_gmt":"2022-06-23T02:43:45","slug":"atomdebatte-energiekonzerne-fordern-fokus-auf-gas-kubicki-setzt-auf-atom","status":"publish","type":"post","link":"http:\/\/www.vernunftkraft-hessen.de\/wordpress\/2022\/06\/23\/atomdebatte-energiekonzerne-fordern-fokus-auf-gas-kubicki-setzt-auf-atom\/","title":{"rendered":"Atomdebatte: Energiekonzerne fordern Fokus auf Gas &#8211; Kubicki setzt auf Atom | ET"},"content":{"rendered":"<blockquote><p><span style=\"font-size: 12pt;\"><strong>Bei der Frage nach der Sicherstellung der Energieversorgung Deutschlands halten die Energiekonzerne derzeitige \u00dcberlegungen zur Verl\u00e4ngerung der Atomkraft f\u00fcr einen R\u00fcckschritt und fordern stattdessen den Gasverbrauch zu reduzieren. Der stellvertretende FDP-Vorsitzende Wolfgang Kubicki spricht sich hingegen f\u00fcr einen mehrj\u00e4hrigen Weiterbetrieb der AKWs aus.<\/strong><\/span><\/p><\/blockquote>\n<p>Weiterlesen: <em><a href=\"https:\/\/www.epochtimes.de\/politik\/deutschland\/atomdebatte-energiekonzerne-fordern-fokus-auf-gas-kubicki-setzt-auf-atom-a3870448.html\" target=\"_blank\" rel=\"noopener noreferrer\">Atomdebatte: Energiekonzerne fordern Fokus auf Gas &#8211; Kubicki setzt auf Atom<\/a><\/em><\/p>\n","protected":false},"excerpt":{"rendered":"<p>Bei der Frage nach der Sicherstellung der Energieversorgung Deutschlands halten die Energiekonzerne derzeitige \u00dcberlegungen zur Verl\u00e4ngerung der Atomkraft f\u00fcr einen R\u00fcckschritt und fordern stattdessen den Gasverbrauch zu reduzieren. Der stellvertretende FDP-Vorsitzende Wolfgang Kubicki spricht sich hingegen f\u00fcr einen mehrj\u00e4hrigen Weiterbetrieb der AKWs aus. Weiterlesen: Atomdebatte: Energiekonzerne fordern Fokus auf Gas &#8211; Kubicki setzt auf Atom<\/p>\n","protected":false},"author":26,"featured_media":0,"comment_status":"closed","ping_status":"closed","sticky":false,"template":"","format":"standard","meta":{"footnotes":""},"categories":[222],"tags":[142,558,175,17],"class_list":["post-33519","post","type-post","status-publish","format-standard","hentry","category-energiepolitik","tag-atomausstieg","tag-energiekonzerne","tag-energiepolitik","tag-energiewende"],"_links":{"self":[{"href":"http:\/\/www.vernunftkraft-hessen.de\/wordpress\/wp-json\/wp\/v2\/posts\/33519","targetHints":{"allow":["GET"]}}],"collection":[{"href":"http:\/\/www.vernunftkraft-hessen.de\/wordpress\/wp-json\/wp\/v2\/posts"}],"about":[{"href":"http:\/\/www.vernunftkraft-hessen.de\/wordpress\/wp-json\/wp\/v2\/types\/post"}],"author":[{"embeddable":true,"href":"http:\/\/www.vernunftkraft-hessen.de\/wordpress\/wp-json\/wp\/v2\/users\/26"}],"replies":[{"embeddable":true,"href":"http:\/\/www.vernunftkraft-hessen.de\/wordpress\/wp-json\/wp\/v2\/comments?post=33519"}],"version-history":[{"count":2,"href":"http:\/\/www.vernunftkraft-hessen.de\/wordpress\/wp-json\/wp\/v2\/posts\/33519\/revisions"}],"predecessor-version":[{"id":33521,"href":"http:\/\/www.vernunftkraft-hessen.de\/wordpress\/wp-json\/wp\/v2\/posts\/33519\/revisions\/33521"}],"wp:attachment":[{"href":"http:\/\/www.vernunftkraft-hessen.de\/wordpress\/wp-json\/wp\/v2\/media?parent=33519"}],"wp:term":[{"taxonomy":"category","embeddable":true,"href":"http:\/\/www.vernunftkraft-hessen.de\/wordpress\/wp-json\/wp\/v2\/categories?post=33519"},{"taxonomy":"post_tag","embeddable":true,"href":"http:\/\/www.vernunftkraft-hessen.de\/wordpress\/wp-json\/wp\/v2\/tags?post=33519"}],"curies":[{"name":"wp","href":"https:\/\/api.w.org\/{rel}","templated":true}]}}