{"id":33686,"date":"2022-07-02T04:31:44","date_gmt":"2022-07-02T02:31:44","guid":{"rendered":"http:\/\/www.vernunftkraft-hessen.de\/wordpress\/?p=33686"},"modified":"2022-07-02T04:32:28","modified_gmt":"2022-07-02T02:32:28","slug":"faktenfuchs-wie-lange-bleiben-windraeder-am-netz-br24","status":"publish","type":"post","link":"http:\/\/www.vernunftkraft-hessen.de\/wordpress\/2022\/07\/02\/faktenfuchs-wie-lange-bleiben-windraeder-am-netz-br24\/","title":{"rendered":"#Faktenfuchs: Wie lange bleiben Windr\u00e4der am Netz? | BR24"},"content":{"rendered":"<blockquote><p><span style=\"font-size: 12pt;\"><strong>Im Netz kursieren viele Fragen und Behauptungen zu Windr\u00e4dern. Im ersten Artikel einer mehrteiligen Serie geht der #Faktenfuchs der Frage nach, wie lange Windr\u00e4der am Netz sind und welche Schwierigkeiten es beim R\u00fcckbau gibt.<\/strong><\/span><\/p><\/blockquote>\n<p>Weiterlesen: <em><a href=\"https:\/\/www.br.de\/nachrichten\/deutschland-welt\/faktenfuchs-wie-lange-bleiben-windraeder-am-netz,TA9davg\" target=\"_blank\" rel=\"noopener noreferrer\">#Faktenfuchs: Wie lange bleiben Windr\u00e4der am Netz? | BR24<\/a><\/em><\/p>\n","protected":false},"excerpt":{"rendered":"<p>Im Netz kursieren viele Fragen und Behauptungen zu Windr\u00e4dern. Im ersten Artikel einer mehrteiligen Serie geht der #Faktenfuchs der Frage nach, wie lange Windr\u00e4der am Netz sind und welche Schwierigkeiten es beim R\u00fcckbau gibt. Weiterlesen: #Faktenfuchs: Wie lange bleiben Windr\u00e4der am Netz? | BR24<\/p>\n","protected":false},"author":26,"featured_media":0,"comment_status":"closed","ping_status":"closed","sticky":false,"template":"","format":"standard","meta":{"footnotes":""},"categories":[150],"tags":[95,23],"class_list":["post-33686","post","type-post","status-publish","format-standard","hentry","category-rueckbau","tag-rueckbau","tag-wirtschaftlichkeit"],"_links":{"self":[{"href":"http:\/\/www.vernunftkraft-hessen.de\/wordpress\/wp-json\/wp\/v2\/posts\/33686","targetHints":{"allow":["GET"]}}],"collection":[{"href":"http:\/\/www.vernunftkraft-hessen.de\/wordpress\/wp-json\/wp\/v2\/posts"}],"about":[{"href":"http:\/\/www.vernunftkraft-hessen.de\/wordpress\/wp-json\/wp\/v2\/types\/post"}],"author":[{"embeddable":true,"href":"http:\/\/www.vernunftkraft-hessen.de\/wordpress\/wp-json\/wp\/v2\/users\/26"}],"replies":[{"embeddable":true,"href":"http:\/\/www.vernunftkraft-hessen.de\/wordpress\/wp-json\/wp\/v2\/comments?post=33686"}],"version-history":[{"count":2,"href":"http:\/\/www.vernunftkraft-hessen.de\/wordpress\/wp-json\/wp\/v2\/posts\/33686\/revisions"}],"predecessor-version":[{"id":33688,"href":"http:\/\/www.vernunftkraft-hessen.de\/wordpress\/wp-json\/wp\/v2\/posts\/33686\/revisions\/33688"}],"wp:attachment":[{"href":"http:\/\/www.vernunftkraft-hessen.de\/wordpress\/wp-json\/wp\/v2\/media?parent=33686"}],"wp:term":[{"taxonomy":"category","embeddable":true,"href":"http:\/\/www.vernunftkraft-hessen.de\/wordpress\/wp-json\/wp\/v2\/categories?post=33686"},{"taxonomy":"post_tag","embeddable":true,"href":"http:\/\/www.vernunftkraft-hessen.de\/wordpress\/wp-json\/wp\/v2\/tags?post=33686"}],"curies":[{"name":"wp","href":"https:\/\/api.w.org\/{rel}","templated":true}]}}