{"id":34349,"date":"2022-08-01T02:52:07","date_gmt":"2022-08-01T00:52:07","guid":{"rendered":"http:\/\/www.vernunftkraft-hessen.de\/wordpress\/?p=34349"},"modified":"2022-08-01T03:01:25","modified_gmt":"2022-08-01T01:01:25","slug":"jetzt-brauchen-die-gruenen-sogar-schon-einen-sprechtext-kalte-sonne","status":"publish","type":"post","link":"http:\/\/www.vernunftkraft-hessen.de\/wordpress\/2022\/08\/01\/jetzt-brauchen-die-gruenen-sogar-schon-einen-sprechtext-kalte-sonne\/","title":{"rendered":"Jetzt brauchen die Gr\u00fcnen sogar schon einen Sprechtext \u2013 Kalte Sonne"},"content":{"rendered":"<blockquote><p><span style=\"font-size: 12pt;\"><strong>Das ging ja flott. Kaum war die <a href=\"https:\/\/www.igte.uni-stuttgart.de\/dokumente\/dokumente_es\/2022-07-26-Stuttgarter-Erklaerung.pdf\" target=\"_blank\" rel=\"noopener noreferrer\">Stuttgarter Erkl\u00e4rung<\/a>, in der sich Wissenschaftler f\u00fcr eine Weiternutzung der Kernenergie aussprachen (wir berichteten), ver\u00f6ffentlicht, da muss die Wut bei Spiegel Wissenschaftsredakteurin Susanne G\u00f6tze hochgekocht sein. Zusammen mit der Kollegin Julia Koch produzierte sie kurzerhand ein St\u00fcck gegen die Erkl\u00e4rung. Gefahr war offenbar im Verzug. Der entsprechende <a href=\"https:\/\/www.spiegel.de\/wissenschaft\/automausstieg-offener-brief-von-wissenschaftlern-schlaegt-jetzt-die-stunde-der-stimmungsmacher-gegen-den-atomausstieg-a-5180ed38-b25f-43d1-8ab4-75fe844a277c\" target=\"_blank\" rel=\"noopener noreferrer\">Artikel<\/a> ist allerdings hinter einer Bezahlschranke. Wir zitieren hier nicht daraus, geben ihn nur inhaltlich wieder.<\/strong><\/span><\/p><\/blockquote>\n<blockquote class=\"wp-embedded-content\" data-secret=\"lS1tcM9eg8\"><p><a href=\"https:\/\/kaltesonne.de\/jetzt-brauchen-die-gruenen-sogar-schon-einen-sprechtext\/\">Jetzt brauchen die Gr\u00fcnen sogar schon einen Sprechtext<\/a><\/p><\/blockquote>\n<p><iframe loading=\"lazy\" class=\"wp-embedded-content\" sandbox=\"allow-scripts\" security=\"restricted\" style=\"position: absolute; clip: rect(1px, 1px, 1px, 1px);\" src=\"https:\/\/kaltesonne.de\/jetzt-brauchen-die-gruenen-sogar-schon-einen-sprechtext\/embed\/#?secret=lS1tcM9eg8\" data-secret=\"lS1tcM9eg8\" width=\"600\" height=\"338\" title=\"&#8222;Jetzt brauchen die Gr\u00fcnen sogar schon einen Sprechtext&#8220; &#8212; Kalte Sonne\" frameborder=\"0\" marginwidth=\"0\" marginheight=\"0\" scrolling=\"no\"><\/iframe><\/p>\n<p>Weiterlesen: <em><a href=\"https:\/\/kaltesonne.de\/jetzt-brauchen-die-gruenen-sogar-schon-einen-sprechtext\/\" target=\"_blank\" rel=\"noopener noreferrer\">Jetzt brauchen die Gr\u00fcnen sogar schon einen Sprechtext \u2013 Kalte Sonne<\/a><\/em><\/p>\n","protected":false},"excerpt":{"rendered":"<p>Das ging ja flott. Kaum war die Stuttgarter Erkl\u00e4rung, in der sich Wissenschaftler f\u00fcr eine Weiternutzung der Kernenergie aussprachen (wir berichteten), ver\u00f6ffentlicht, da muss die Wut bei Spiegel Wissenschaftsredakteurin Susanne G\u00f6tze hochgekocht sein. Zusammen mit der Kollegin Julia Koch produzierte sie kurzerhand ein St\u00fcck gegen die Erkl\u00e4rung. Gefahr war offenbar im Verzug. Der entsprechende Artikel &hellip; <a href=\"http:\/\/www.vernunftkraft-hessen.de\/wordpress\/2022\/08\/01\/jetzt-brauchen-die-gruenen-sogar-schon-einen-sprechtext-kalte-sonne\/\" class=\"more-link\"><span class=\"screen-reader-text\">\u201eJetzt brauchen die Gr\u00fcnen sogar schon einen Sprechtext \u2013 Kalte Sonne\u201c<\/span> weiterlesen<\/a><\/p>\n","protected":false},"author":26,"featured_media":0,"comment_status":"closed","ping_status":"closed","sticky":false,"template":"","format":"standard","meta":{"footnotes":""},"categories":[222],"tags":[142,175,275],"class_list":["post-34349","post","type-post","status-publish","format-standard","hentry","category-energiepolitik","tag-atomausstieg","tag-energiepolitik","tag-kernenergie"],"_links":{"self":[{"href":"http:\/\/www.vernunftkraft-hessen.de\/wordpress\/wp-json\/wp\/v2\/posts\/34349","targetHints":{"allow":["GET"]}}],"collection":[{"href":"http:\/\/www.vernunftkraft-hessen.de\/wordpress\/wp-json\/wp\/v2\/posts"}],"about":[{"href":"http:\/\/www.vernunftkraft-hessen.de\/wordpress\/wp-json\/wp\/v2\/types\/post"}],"author":[{"embeddable":true,"href":"http:\/\/www.vernunftkraft-hessen.de\/wordpress\/wp-json\/wp\/v2\/users\/26"}],"replies":[{"embeddable":true,"href":"http:\/\/www.vernunftkraft-hessen.de\/wordpress\/wp-json\/wp\/v2\/comments?post=34349"}],"version-history":[{"count":3,"href":"http:\/\/www.vernunftkraft-hessen.de\/wordpress\/wp-json\/wp\/v2\/posts\/34349\/revisions"}],"predecessor-version":[{"id":34352,"href":"http:\/\/www.vernunftkraft-hessen.de\/wordpress\/wp-json\/wp\/v2\/posts\/34349\/revisions\/34352"}],"wp:attachment":[{"href":"http:\/\/www.vernunftkraft-hessen.de\/wordpress\/wp-json\/wp\/v2\/media?parent=34349"}],"wp:term":[{"taxonomy":"category","embeddable":true,"href":"http:\/\/www.vernunftkraft-hessen.de\/wordpress\/wp-json\/wp\/v2\/categories?post=34349"},{"taxonomy":"post_tag","embeddable":true,"href":"http:\/\/www.vernunftkraft-hessen.de\/wordpress\/wp-json\/wp\/v2\/tags?post=34349"}],"curies":[{"name":"wp","href":"https:\/\/api.w.org\/{rel}","templated":true}]}}