{"id":34533,"date":"2022-08-14T03:00:52","date_gmt":"2022-08-14T01:00:52","guid":{"rendered":"http:\/\/www.vernunftkraft-hessen.de\/wordpress\/?p=34533"},"modified":"2022-08-14T03:03:51","modified_gmt":"2022-08-14T01:03:51","slug":"pfauen-der-energiewende-vom-zdf-gerupft-achgut-com","status":"publish","type":"post","link":"http:\/\/www.vernunftkraft-hessen.de\/wordpress\/2022\/08\/14\/pfauen-der-energiewende-vom-zdf-gerupft-achgut-com\/","title":{"rendered":"Pfauen der Energiewende \u2013 vom ZDF gerupft \u2013 ACHGUT.COM | Teil 1 und 2"},"content":{"rendered":"<blockquote><p><span style=\"font-size: 12pt;\"><strong>Man muss auch mal loben k\u00f6nnen: Eine <a href=\"http:\/\/www.vernunftkraft-hessen.de\/wordpress\/2022\/08\/03\/blackout-in-deutschland-horrorszenario-oder-reale-gefahr-zdfmediathek\/\" target=\"_blank\" rel=\"noopener noreferrer\">ZDF-Doku<\/a> entlarvt in geradezu genialer Weise f\u00fchrende Protagonisten der Energiewende: Man l\u00e4sst sie einfach reden und fragt dann informiert nach. Ein geeigneter Anlass f\u00fcr eine akribische Analyse des Energiewende-Desasters in zwei Teilen.<\/strong><\/span><\/p><\/blockquote>\n<ul>\n<li>Teil 1: <em><a href=\"https:\/\/www.achgut.com\/artikel\/pfauen_der_energiewende_vom_zdf_gerupft\"><strong>Pfauen der Energiewende \u2013 vom ZDF gerupft<\/strong> <\/a><\/em><\/li>\n<li>Teil 2: <a href=\"https:\/\/www.achgut.com\/artikel\/lebensluegen_der_energiewender_vom_zdf_zerrupft\" target=\"_blank\" rel=\"noopener noreferrer\"><em><strong>Lebensl\u00fcgen der Energiewender, vom ZDF zerrupft (2)<\/strong><\/em><\/a><\/li>\n<\/ul>\n","protected":false},"excerpt":{"rendered":"<p>Man muss auch mal loben k\u00f6nnen: Eine ZDF-Doku entlarvt in geradezu genialer Weise f\u00fchrende Protagonisten der Energiewende: Man l\u00e4sst sie einfach reden und fragt dann informiert nach. Ein geeigneter Anlass f\u00fcr eine akribische Analyse des Energiewende-Desasters in zwei Teilen. Teil 1: Pfauen der Energiewende \u2013 vom ZDF gerupft Teil 2: Lebensl\u00fcgen der Energiewender, vom ZDF &hellip; <a href=\"http:\/\/www.vernunftkraft-hessen.de\/wordpress\/2022\/08\/14\/pfauen-der-energiewende-vom-zdf-gerupft-achgut-com\/\" class=\"more-link\"><span class=\"screen-reader-text\">\u201ePfauen der Energiewende \u2013 vom ZDF gerupft \u2013 ACHGUT.COM | Teil 1 und 2\u201c<\/span> weiterlesen<\/a><\/p>\n","protected":false},"author":26,"featured_media":0,"comment_status":"closed","ping_status":"closed","sticky":false,"template":"","format":"standard","meta":{"footnotes":""},"categories":[222],"tags":[175,17,154],"class_list":["post-34533","post","type-post","status-publish","format-standard","hentry","category-energiepolitik","tag-energiepolitik","tag-energiewende","tag-tv-bericht"],"_links":{"self":[{"href":"http:\/\/www.vernunftkraft-hessen.de\/wordpress\/wp-json\/wp\/v2\/posts\/34533","targetHints":{"allow":["GET"]}}],"collection":[{"href":"http:\/\/www.vernunftkraft-hessen.de\/wordpress\/wp-json\/wp\/v2\/posts"}],"about":[{"href":"http:\/\/www.vernunftkraft-hessen.de\/wordpress\/wp-json\/wp\/v2\/types\/post"}],"author":[{"embeddable":true,"href":"http:\/\/www.vernunftkraft-hessen.de\/wordpress\/wp-json\/wp\/v2\/users\/26"}],"replies":[{"embeddable":true,"href":"http:\/\/www.vernunftkraft-hessen.de\/wordpress\/wp-json\/wp\/v2\/comments?post=34533"}],"version-history":[{"count":3,"href":"http:\/\/www.vernunftkraft-hessen.de\/wordpress\/wp-json\/wp\/v2\/posts\/34533\/revisions"}],"predecessor-version":[{"id":34536,"href":"http:\/\/www.vernunftkraft-hessen.de\/wordpress\/wp-json\/wp\/v2\/posts\/34533\/revisions\/34536"}],"wp:attachment":[{"href":"http:\/\/www.vernunftkraft-hessen.de\/wordpress\/wp-json\/wp\/v2\/media?parent=34533"}],"wp:term":[{"taxonomy":"category","embeddable":true,"href":"http:\/\/www.vernunftkraft-hessen.de\/wordpress\/wp-json\/wp\/v2\/categories?post=34533"},{"taxonomy":"post_tag","embeddable":true,"href":"http:\/\/www.vernunftkraft-hessen.de\/wordpress\/wp-json\/wp\/v2\/tags?post=34533"}],"curies":[{"name":"wp","href":"https:\/\/api.w.org\/{rel}","templated":true}]}}