{"id":34575,"date":"2022-08-16T03:10:22","date_gmt":"2022-08-16T01:10:22","guid":{"rendered":"http:\/\/www.vernunftkraft-hessen.de\/wordpress\/?p=34575"},"modified":"2022-08-16T03:12:21","modified_gmt":"2022-08-16T01:12:21","slug":"die-akzeptanz-fuer-windraeder-erhoehen-mittelhessen-de","status":"publish","type":"post","link":"http:\/\/www.vernunftkraft-hessen.de\/wordpress\/2022\/08\/16\/die-akzeptanz-fuer-windraeder-erhoehen-mittelhessen-de\/","title":{"rendered":"Die Akzeptanz f\u00fcr Windr\u00e4der erh\u00f6hen | mittelhessen.de"},"content":{"rendered":"<blockquote><p><span style=\"font-size: 12pt;\"><strong>Die Regionalversammlung Mittelhessen m\u00f6chte die Akzeptanz von Windkraftanlagen dort noch weiter st\u00e4rken, wo sie errichtet werden. Deshalb hat das Gremium vorausschauend einen Antrag zur Neuaufstellung des Klimaplans Hessen 2030 verabschiedet. Dies soll jene F\u00e4lle bei der Vergabe von Nutzungsrechten f\u00fcr Windenergievorranggebiete betreffen, die sich im Eigentum des Landes Hessen befinden. Die hessische Landesregierung wird aufgefordert, den jeweiligen Standortkommunen dann ein &#8220;Vor-Zugriffsrecht&#8221; einzur\u00e4umen.<\/strong><\/span><\/p><\/blockquote>\n<p>Weiterlesen: <em><a href=\"https:\/\/www.mittelhessen.de\/lokales\/dillenburg\/dillenburg\/die-akzeptanz-fur-windrader-erhohen_25668034\" target=\"_blank\" rel=\"noopener noreferrer\">Die Akzeptanz f\u00fcr Windr\u00e4der erh\u00f6hen<\/a><\/em><\/p>\n","protected":false},"excerpt":{"rendered":"<p>Die Regionalversammlung Mittelhessen m\u00f6chte die Akzeptanz von Windkraftanlagen dort noch weiter st\u00e4rken, wo sie errichtet werden. Deshalb hat das Gremium vorausschauend einen Antrag zur Neuaufstellung des Klimaplans Hessen 2030 verabschiedet. Dies soll jene F\u00e4lle bei der Vergabe von Nutzungsrechten f\u00fcr Windenergievorranggebiete betreffen, die sich im Eigentum des Landes Hessen befinden. Die hessische Landesregierung wird aufgefordert, &hellip; <a href=\"http:\/\/www.vernunftkraft-hessen.de\/wordpress\/2022\/08\/16\/die-akzeptanz-fuer-windraeder-erhoehen-mittelhessen-de\/\" class=\"more-link\"><span class=\"screen-reader-text\">\u201eDie Akzeptanz f\u00fcr Windr\u00e4der erh\u00f6hen | mittelhessen.de\u201c<\/span> weiterlesen<\/a><\/p>\n","protected":false},"author":26,"featured_media":0,"comment_status":"closed","ping_status":"closed","sticky":false,"template":"","format":"standard","meta":{"footnotes":""},"categories":[222],"tags":[17,78,395,90,49],"class_list":["post-34575","post","type-post","status-publish","format-standard","hentry","category-energiepolitik","tag-energiewende","tag-regionalplanung","tag-regionalversammlung","tag-vorranggebiete","tag-zubau"],"_links":{"self":[{"href":"http:\/\/www.vernunftkraft-hessen.de\/wordpress\/wp-json\/wp\/v2\/posts\/34575","targetHints":{"allow":["GET"]}}],"collection":[{"href":"http:\/\/www.vernunftkraft-hessen.de\/wordpress\/wp-json\/wp\/v2\/posts"}],"about":[{"href":"http:\/\/www.vernunftkraft-hessen.de\/wordpress\/wp-json\/wp\/v2\/types\/post"}],"author":[{"embeddable":true,"href":"http:\/\/www.vernunftkraft-hessen.de\/wordpress\/wp-json\/wp\/v2\/users\/26"}],"replies":[{"embeddable":true,"href":"http:\/\/www.vernunftkraft-hessen.de\/wordpress\/wp-json\/wp\/v2\/comments?post=34575"}],"version-history":[{"count":2,"href":"http:\/\/www.vernunftkraft-hessen.de\/wordpress\/wp-json\/wp\/v2\/posts\/34575\/revisions"}],"predecessor-version":[{"id":34577,"href":"http:\/\/www.vernunftkraft-hessen.de\/wordpress\/wp-json\/wp\/v2\/posts\/34575\/revisions\/34577"}],"wp:attachment":[{"href":"http:\/\/www.vernunftkraft-hessen.de\/wordpress\/wp-json\/wp\/v2\/media?parent=34575"}],"wp:term":[{"taxonomy":"category","embeddable":true,"href":"http:\/\/www.vernunftkraft-hessen.de\/wordpress\/wp-json\/wp\/v2\/categories?post=34575"},{"taxonomy":"post_tag","embeddable":true,"href":"http:\/\/www.vernunftkraft-hessen.de\/wordpress\/wp-json\/wp\/v2\/tags?post=34575"}],"curies":[{"name":"wp","href":"https:\/\/api.w.org\/{rel}","templated":true}]}}