{"id":34582,"date":"2022-08-18T02:40:23","date_gmt":"2022-08-18T00:40:23","guid":{"rendered":"http:\/\/www.vernunftkraft-hessen.de\/wordpress\/?p=34582"},"modified":"2022-08-18T02:41:24","modified_gmt":"2022-08-18T00:41:24","slug":"habeck-treibt-planungen-fuer-deutsche-lng-terminals-voran-the-germanz","status":"publish","type":"post","link":"http:\/\/www.vernunftkraft-hessen.de\/wordpress\/2022\/08\/18\/habeck-treibt-planungen-fuer-deutsche-lng-terminals-voran-the-germanz\/","title":{"rendered":"Habeck treibt Planungen f\u00fcr deutsche LNG-Terminals voran &#8211; The Germanz"},"content":{"rendered":"<blockquote><p><span style=\"font-size: 12pt;\"><strong>Bundeswirtschaftsminister Robert Habeck treibt die Planungen f\u00fcr die ersten Fl\u00fcssigerdgas-Terminals in Deutschland voran.<\/strong><\/span><\/p>\n<p><span style=\"font-size: 12pt;\"><strong>In Wilhelmshaven und in Brunsb\u00fcttel sollen zum Jahreswechsel schwimmende LNG-Terminals in Betrieb gehen mit einer Leitungsanbindung, um die Kapazit\u00e4ten ins Netz zu bringen, wie der Gr\u00fcnen-Politiker in Berlin sagte.<\/strong><\/span><\/p><\/blockquote>\n<p>Weiterlesen: <em><a href=\"https:\/\/www.the-germanz.de\/habeck-treibt-planungen-fuer-deutsche-lng-terminals-voran\/\" target=\"_blank\" rel=\"noopener noreferrer\">Habeck treibt Planungen f\u00fcr deutsche LNG-Terminals voran &#8211; The Germanz<\/a><\/em><\/p>\n","protected":false},"excerpt":{"rendered":"<p>Bundeswirtschaftsminister Robert Habeck treibt die Planungen f\u00fcr die ersten Fl\u00fcssigerdgas-Terminals in Deutschland voran. In Wilhelmshaven und in Brunsb\u00fcttel sollen zum Jahreswechsel schwimmende LNG-Terminals in Betrieb gehen mit einer Leitungsanbindung, um die Kapazit\u00e4ten ins Netz zu bringen, wie der Gr\u00fcnen-Politiker in Berlin sagte. Weiterlesen: Habeck treibt Planungen f\u00fcr deutsche LNG-Terminals voran &#8211; The Germanz<\/p>\n","protected":false},"author":26,"featured_media":0,"comment_status":"closed","ping_status":"closed","sticky":false,"template":"","format":"standard","meta":{"footnotes":""},"categories":[222],"tags":[175,17,708,250],"class_list":["post-34582","post","type-post","status-publish","format-standard","hentry","category-energiepolitik","tag-energiepolitik","tag-energiewende","tag-lng","tag-versorgungssicherheit"],"_links":{"self":[{"href":"http:\/\/www.vernunftkraft-hessen.de\/wordpress\/wp-json\/wp\/v2\/posts\/34582","targetHints":{"allow":["GET"]}}],"collection":[{"href":"http:\/\/www.vernunftkraft-hessen.de\/wordpress\/wp-json\/wp\/v2\/posts"}],"about":[{"href":"http:\/\/www.vernunftkraft-hessen.de\/wordpress\/wp-json\/wp\/v2\/types\/post"}],"author":[{"embeddable":true,"href":"http:\/\/www.vernunftkraft-hessen.de\/wordpress\/wp-json\/wp\/v2\/users\/26"}],"replies":[{"embeddable":true,"href":"http:\/\/www.vernunftkraft-hessen.de\/wordpress\/wp-json\/wp\/v2\/comments?post=34582"}],"version-history":[{"count":3,"href":"http:\/\/www.vernunftkraft-hessen.de\/wordpress\/wp-json\/wp\/v2\/posts\/34582\/revisions"}],"predecessor-version":[{"id":34585,"href":"http:\/\/www.vernunftkraft-hessen.de\/wordpress\/wp-json\/wp\/v2\/posts\/34582\/revisions\/34585"}],"wp:attachment":[{"href":"http:\/\/www.vernunftkraft-hessen.de\/wordpress\/wp-json\/wp\/v2\/media?parent=34582"}],"wp:term":[{"taxonomy":"category","embeddable":true,"href":"http:\/\/www.vernunftkraft-hessen.de\/wordpress\/wp-json\/wp\/v2\/categories?post=34582"},{"taxonomy":"post_tag","embeddable":true,"href":"http:\/\/www.vernunftkraft-hessen.de\/wordpress\/wp-json\/wp\/v2\/tags?post=34582"}],"curies":[{"name":"wp","href":"https:\/\/api.w.org\/{rel}","templated":true}]}}