{"id":34971,"date":"2022-09-17T02:07:10","date_gmt":"2022-09-17T00:07:10","guid":{"rendered":"http:\/\/www.vernunftkraft-hessen.de\/wordpress\/?p=34971"},"modified":"2022-09-17T03:07:55","modified_gmt":"2022-09-17T01:07:55","slug":"rueckbau-von-windkraftanlagen-was-bleibt-uebrig-telepolis","status":"publish","type":"post","link":"http:\/\/www.vernunftkraft-hessen.de\/wordpress\/2022\/09\/17\/rueckbau-von-windkraftanlagen-was-bleibt-uebrig-telepolis\/","title":{"rendered":"R\u00fcckbau von Windkraftanlagen: Was bleibt \u00fcbrig? | Telepolis"},"content":{"rendered":"<blockquote><p><span style=\"font-size: 12pt;\"><strong>Die meisten Windkraftanlagen besitzen eine Betriebsgenehmigung nach dem EEG. Nach Ablauf der \u00fcblichen 20 Jahre stellt sich die Frage: Wie steht es mit dem Recycling?<\/strong><\/span><\/p><\/blockquote>\n<p>Weiterlesen: <em><a href=\"https:\/\/www.heise.de\/tp\/features\/Rueckbau-von-Windkraftanlagen-Was-bleibt-uebrig-7265771.html?fbclid=IwAR0-CY8FbES2JEdoyWp4tK28YDHNsWYp3fYxduGlyTQBVhQOjf9E8isyY-E\" target=\"_blank\" rel=\"noopener noreferrer\">R\u00fcckbau von Windkraftanlagen: Was bleibt \u00fcbrig? | Telepolis<\/a><\/em><\/p>\n","protected":false},"excerpt":{"rendered":"<p>Die meisten Windkraftanlagen besitzen eine Betriebsgenehmigung nach dem EEG. Nach Ablauf der \u00fcblichen 20 Jahre stellt sich die Frage: Wie steht es mit dem Recycling? Weiterlesen: R\u00fcckbau von Windkraftanlagen: Was bleibt \u00fcbrig? | Telepolis<\/p>\n","protected":false},"author":26,"featured_media":0,"comment_status":"closed","ping_status":"closed","sticky":false,"template":"","format":"standard","meta":{"footnotes":""},"categories":[150],"tags":[52,498,95],"class_list":["post-34971","post","type-post","status-publish","format-standard","hentry","category-rueckbau","tag-kosten","tag-recycling","tag-rueckbau"],"_links":{"self":[{"href":"http:\/\/www.vernunftkraft-hessen.de\/wordpress\/wp-json\/wp\/v2\/posts\/34971","targetHints":{"allow":["GET"]}}],"collection":[{"href":"http:\/\/www.vernunftkraft-hessen.de\/wordpress\/wp-json\/wp\/v2\/posts"}],"about":[{"href":"http:\/\/www.vernunftkraft-hessen.de\/wordpress\/wp-json\/wp\/v2\/types\/post"}],"author":[{"embeddable":true,"href":"http:\/\/www.vernunftkraft-hessen.de\/wordpress\/wp-json\/wp\/v2\/users\/26"}],"replies":[{"embeddable":true,"href":"http:\/\/www.vernunftkraft-hessen.de\/wordpress\/wp-json\/wp\/v2\/comments?post=34971"}],"version-history":[{"count":2,"href":"http:\/\/www.vernunftkraft-hessen.de\/wordpress\/wp-json\/wp\/v2\/posts\/34971\/revisions"}],"predecessor-version":[{"id":34973,"href":"http:\/\/www.vernunftkraft-hessen.de\/wordpress\/wp-json\/wp\/v2\/posts\/34971\/revisions\/34973"}],"wp:attachment":[{"href":"http:\/\/www.vernunftkraft-hessen.de\/wordpress\/wp-json\/wp\/v2\/media?parent=34971"}],"wp:term":[{"taxonomy":"category","embeddable":true,"href":"http:\/\/www.vernunftkraft-hessen.de\/wordpress\/wp-json\/wp\/v2\/categories?post=34971"},{"taxonomy":"post_tag","embeddable":true,"href":"http:\/\/www.vernunftkraft-hessen.de\/wordpress\/wp-json\/wp\/v2\/tags?post=34971"}],"curies":[{"name":"wp","href":"https:\/\/api.w.org\/{rel}","templated":true}]}}