{"id":35019,"date":"2022-09-22T16:43:46","date_gmt":"2022-09-22T14:43:46","guid":{"rendered":"http:\/\/www.vernunftkraft-hessen.de\/wordpress\/?p=35019"},"modified":"2022-09-22T16:44:20","modified_gmt":"2022-09-22T14:44:20","slug":"vince-ebert-ueber-fortschrittsfeindlichkeit-der-blackout-in-unseren-koepfen-gastbeitrag-der-spiegel","status":"publish","type":"post","link":"http:\/\/www.vernunftkraft-hessen.de\/wordpress\/2022\/09\/22\/vince-ebert-ueber-fortschrittsfeindlichkeit-der-blackout-in-unseren-koepfen-gastbeitrag-der-spiegel\/","title":{"rendered":"Vince Ebert \u00fcber Fortschrittsfeindlichkeit: Der Blackout in unseren K\u00f6pfen &#8211; Gastbeitrag &#8211; DER SPIEGEL"},"content":{"rendered":"<blockquote><p><span style=\"font-size: 12pt;\"><strong>Deutschland will Vorreiter sein bei gr\u00fcnen Technologien, gleichzeitig wird vieles, was die Welt \u00f6kologisch verbessern k\u00f6nnte, zu Tode reglementiert. Kann man das noch lustig finden?<\/strong><\/span><\/p><\/blockquote>\n<p>Weiterlesen: <em><a href=\"https:\/\/www.spiegel.de\/politik\/deutschland\/vince-ebert-ueber-fortschrittsfeindlichkeit-der-blackout-in-unseren-koepfen-gastbeitrag-a-d010ba78-1831-4153-a771-7ac6f1735f57?fbclid=IwAR2QVJN1XvZawXPa4iJb5CB35C6Wqg25xouiA9PyOlx2WtVgP8YXbWGl4c0\" target=\"_blank\" rel=\"noopener noreferrer\">Vince Ebert \u00fcber Fortschrittsfeindlichkeit: Der Blackout in unseren K\u00f6pfen &#8211; Gastbeitrag &#8211; DER SPIEGEL<\/a><\/em><\/p>\n","protected":false},"excerpt":{"rendered":"<p>Deutschland will Vorreiter sein bei gr\u00fcnen Technologien, gleichzeitig wird vieles, was die Welt \u00f6kologisch verbessern k\u00f6nnte, zu Tode reglementiert. Kann man das noch lustig finden? Weiterlesen: Vince Ebert \u00fcber Fortschrittsfeindlichkeit: Der Blackout in unseren K\u00f6pfen &#8211; Gastbeitrag &#8211; DER SPIEGEL<\/p>\n","protected":false},"author":26,"featured_media":0,"comment_status":"closed","ping_status":"closed","sticky":false,"template":"","format":"standard","meta":{"footnotes":""},"categories":[222],"tags":[86,175,17],"class_list":["post-35019","post","type-post","status-publish","format-standard","hentry","category-energiepolitik","tag-blackout","tag-energiepolitik","tag-energiewende"],"_links":{"self":[{"href":"http:\/\/www.vernunftkraft-hessen.de\/wordpress\/wp-json\/wp\/v2\/posts\/35019","targetHints":{"allow":["GET"]}}],"collection":[{"href":"http:\/\/www.vernunftkraft-hessen.de\/wordpress\/wp-json\/wp\/v2\/posts"}],"about":[{"href":"http:\/\/www.vernunftkraft-hessen.de\/wordpress\/wp-json\/wp\/v2\/types\/post"}],"author":[{"embeddable":true,"href":"http:\/\/www.vernunftkraft-hessen.de\/wordpress\/wp-json\/wp\/v2\/users\/26"}],"replies":[{"embeddable":true,"href":"http:\/\/www.vernunftkraft-hessen.de\/wordpress\/wp-json\/wp\/v2\/comments?post=35019"}],"version-history":[{"count":2,"href":"http:\/\/www.vernunftkraft-hessen.de\/wordpress\/wp-json\/wp\/v2\/posts\/35019\/revisions"}],"predecessor-version":[{"id":35021,"href":"http:\/\/www.vernunftkraft-hessen.de\/wordpress\/wp-json\/wp\/v2\/posts\/35019\/revisions\/35021"}],"wp:attachment":[{"href":"http:\/\/www.vernunftkraft-hessen.de\/wordpress\/wp-json\/wp\/v2\/media?parent=35019"}],"wp:term":[{"taxonomy":"category","embeddable":true,"href":"http:\/\/www.vernunftkraft-hessen.de\/wordpress\/wp-json\/wp\/v2\/categories?post=35019"},{"taxonomy":"post_tag","embeddable":true,"href":"http:\/\/www.vernunftkraft-hessen.de\/wordpress\/wp-json\/wp\/v2\/tags?post=35019"}],"curies":[{"name":"wp","href":"https:\/\/api.w.org\/{rel}","templated":true}]}}