{"id":35809,"date":"2022-11-19T01:47:47","date_gmt":"2022-11-19T00:47:47","guid":{"rendered":"http:\/\/www.vernunftkraft-hessen.de\/wordpress\/?p=35809"},"modified":"2024-02-12T04:52:03","modified_gmt":"2024-02-12T03:52:03","slug":"windraeder-in-hessen-wo-koennte-das-naechste-in-ihrer-naehe-stehen-faz","status":"publish","type":"post","link":"http:\/\/www.vernunftkraft-hessen.de\/wordpress\/2022\/11\/19\/windraeder-in-hessen-wo-koennte-das-naechste-in-ihrer-naehe-stehen-faz\/","title":{"rendered":"Windr\u00e4der in Hessen: Wo k\u00f6nnte das n\u00e4chste in Ihrer N\u00e4he stehen? | FAZ"},"content":{"rendered":"<p><strong>Wo k\u00f6nnte in ihrer N\u00e4he das n\u00e4chste Windrad stehen \u2013<br \/>\nDie FAZ hat f\u00fcr Hessen eine Karte der Windkraftplanungen online gestellt.<\/strong><\/p>\n<p><iframe loading=\"lazy\" style=\"border: none; overflow: hidden;\" src=\"https:\/\/www.facebook.com\/plugins\/post.php?href=https%3A%2F%2Fwww.facebook.com%2Fgegenwindbadorb%2Fposts%2Fpfbid0363J7n51JNRx9cjM8CQaf6gDk4QqFhDKERwwWP64EpZ3HBVMZB2C7pXDD7ZP8RKTil&amp;show_text=true&amp;width=500\" width=\"500\" height=\"519\" frameborder=\"0\" scrolling=\"no\" allowfullscreen=\"allowfullscreen\"><\/iframe><\/p>\n<p><span style=\"font-size: 14pt;\"><strong><em>Mit einem Klick auf das Bild gelangen Sie zur Karte!<\/em><\/strong><\/span><\/p>\n<p><span style=\"font-size: 10pt;\"><a href=\"http:\/\/www.vernunftkraft-hessen.de\/wordpress\/datenschutz\/\" target=\"_blank\" rel=\"noopener noreferrer\"><strong><em>*Bitte Datenschutzhinweis beachten<\/em><\/strong><\/a><\/span><\/p>\n","protected":false},"excerpt":{"rendered":"<p>Wo k\u00f6nnte in ihrer N\u00e4he das n\u00e4chste Windrad stehen \u2013 Die FAZ hat f\u00fcr Hessen eine Karte der Windkraftplanungen online gestellt. Mit einem Klick auf das Bild gelangen Sie zur Karte! *Bitte Datenschutzhinweis beachten<\/p>\n","protected":false},"author":26,"featured_media":0,"comment_status":"closed","ping_status":"closed","sticky":false,"template":"","format":"standard","meta":{"footnotes":""},"categories":[1],"tags":[],"class_list":["post-35809","post","type-post","status-publish","format-standard","hentry","category-allgemein"],"_links":{"self":[{"href":"http:\/\/www.vernunftkraft-hessen.de\/wordpress\/wp-json\/wp\/v2\/posts\/35809","targetHints":{"allow":["GET"]}}],"collection":[{"href":"http:\/\/www.vernunftkraft-hessen.de\/wordpress\/wp-json\/wp\/v2\/posts"}],"about":[{"href":"http:\/\/www.vernunftkraft-hessen.de\/wordpress\/wp-json\/wp\/v2\/types\/post"}],"author":[{"embeddable":true,"href":"http:\/\/www.vernunftkraft-hessen.de\/wordpress\/wp-json\/wp\/v2\/users\/26"}],"replies":[{"embeddable":true,"href":"http:\/\/www.vernunftkraft-hessen.de\/wordpress\/wp-json\/wp\/v2\/comments?post=35809"}],"version-history":[{"count":2,"href":"http:\/\/www.vernunftkraft-hessen.de\/wordpress\/wp-json\/wp\/v2\/posts\/35809\/revisions"}],"predecessor-version":[{"id":35811,"href":"http:\/\/www.vernunftkraft-hessen.de\/wordpress\/wp-json\/wp\/v2\/posts\/35809\/revisions\/35811"}],"wp:attachment":[{"href":"http:\/\/www.vernunftkraft-hessen.de\/wordpress\/wp-json\/wp\/v2\/media?parent=35809"}],"wp:term":[{"taxonomy":"category","embeddable":true,"href":"http:\/\/www.vernunftkraft-hessen.de\/wordpress\/wp-json\/wp\/v2\/categories?post=35809"},{"taxonomy":"post_tag","embeddable":true,"href":"http:\/\/www.vernunftkraft-hessen.de\/wordpress\/wp-json\/wp\/v2\/tags?post=35809"}],"curies":[{"name":"wp","href":"https:\/\/api.w.org\/{rel}","templated":true}]}}