{"id":36229,"date":"2023-01-10T19:38:30","date_gmt":"2023-01-10T18:38:30","guid":{"rendered":"http:\/\/www.vernunftkraft-hessen.de\/wordpress\/?p=36229"},"modified":"2023-01-10T19:39:28","modified_gmt":"2023-01-10T18:39:28","slug":"der-blassgelbe-anhang-te","status":"publish","type":"post","link":"http:\/\/www.vernunftkraft-hessen.de\/wordpress\/2023\/01\/10\/der-blassgelbe-anhang-te\/","title":{"rendered":"Der blassgelbe Anhang | TE"},"content":{"rendered":"<blockquote><p><span style=\"font-size: 12pt;\"><strong>Viele Hoffnungen verbanden sich mit dem guten Bundestagswahlergebnis der FDP von 2021. Hoffnungen auf ein Korrektiv, das Links und Gr\u00fcn auf der Erde h\u00e4lt, wirtschaftliches Handeln sch\u00fctzt und den Staat begrenzt, wo es n\u00f6tig ist. Nach mehr als einem Jahr Ampelregierung ist davon nichts zu erkennen. Stattdessen Folgsamkeit auf einer gr\u00fcnen Energiewendespur.<\/strong><\/span><\/p><\/blockquote>\n<blockquote class=\"wp-embedded-content\" data-secret=\"QsKHKYkfr7\"><p><a href=\"https:\/\/www.tichyseinblick.de\/kolumnen\/lichtblicke-kolumnen\/der-blassgelbe-anhang\/\">Der blassgelbe Anhang<\/a><\/p><\/blockquote>\n<p><iframe loading=\"lazy\" class=\"wp-embedded-content\" sandbox=\"allow-scripts\" security=\"restricted\" style=\"position: absolute; clip: rect(1px, 1px, 1px, 1px);\" src=\"https:\/\/www.tichyseinblick.de\/kolumnen\/lichtblicke-kolumnen\/der-blassgelbe-anhang\/embed\/#?secret=QsKHKYkfr7\" data-secret=\"QsKHKYkfr7\" width=\"600\" height=\"338\" title=\"&#8222;Der blassgelbe Anhang&#8220; &#8212; Tichys Einblick\" frameborder=\"0\" marginwidth=\"0\" marginheight=\"0\" scrolling=\"no\"><\/iframe><\/p>\n<p>Weiterlesen: <em><a href=\"https:\/\/www.tichyseinblick.de\/kolumnen\/lichtblicke-kolumnen\/der-blassgelbe-anhang\/\" target=\"_blank\" rel=\"noopener noreferrer\">Der blassgelbe Anhang<\/a><\/em><\/p>\n","protected":false},"excerpt":{"rendered":"<p>Viele Hoffnungen verbanden sich mit dem guten Bundestagswahlergebnis der FDP von 2021. Hoffnungen auf ein Korrektiv, das Links und Gr\u00fcn auf der Erde h\u00e4lt, wirtschaftliches Handeln sch\u00fctzt und den Staat begrenzt, wo es n\u00f6tig ist. Nach mehr als einem Jahr Ampelregierung ist davon nichts zu erkennen. Stattdessen Folgsamkeit auf einer gr\u00fcnen Energiewendespur. Der blassgelbe Anhang &hellip; <a href=\"http:\/\/www.vernunftkraft-hessen.de\/wordpress\/2023\/01\/10\/der-blassgelbe-anhang-te\/\" class=\"more-link\"><span class=\"screen-reader-text\">\u201eDer blassgelbe Anhang | TE\u201c<\/span> weiterlesen<\/a><\/p>\n","protected":false},"author":26,"featured_media":0,"comment_status":"closed","ping_status":"closed","sticky":false,"template":"","format":"standard","meta":{"footnotes":""},"categories":[222],"tags":[175,17,29,6],"class_list":["post-36229","post","type-post","status-publish","format-standard","hentry","category-energiepolitik","tag-energiepolitik","tag-energiewende","tag-parteien","tag-politik"],"_links":{"self":[{"href":"http:\/\/www.vernunftkraft-hessen.de\/wordpress\/wp-json\/wp\/v2\/posts\/36229","targetHints":{"allow":["GET"]}}],"collection":[{"href":"http:\/\/www.vernunftkraft-hessen.de\/wordpress\/wp-json\/wp\/v2\/posts"}],"about":[{"href":"http:\/\/www.vernunftkraft-hessen.de\/wordpress\/wp-json\/wp\/v2\/types\/post"}],"author":[{"embeddable":true,"href":"http:\/\/www.vernunftkraft-hessen.de\/wordpress\/wp-json\/wp\/v2\/users\/26"}],"replies":[{"embeddable":true,"href":"http:\/\/www.vernunftkraft-hessen.de\/wordpress\/wp-json\/wp\/v2\/comments?post=36229"}],"version-history":[{"count":2,"href":"http:\/\/www.vernunftkraft-hessen.de\/wordpress\/wp-json\/wp\/v2\/posts\/36229\/revisions"}],"predecessor-version":[{"id":36231,"href":"http:\/\/www.vernunftkraft-hessen.de\/wordpress\/wp-json\/wp\/v2\/posts\/36229\/revisions\/36231"}],"wp:attachment":[{"href":"http:\/\/www.vernunftkraft-hessen.de\/wordpress\/wp-json\/wp\/v2\/media?parent=36229"}],"wp:term":[{"taxonomy":"category","embeddable":true,"href":"http:\/\/www.vernunftkraft-hessen.de\/wordpress\/wp-json\/wp\/v2\/categories?post=36229"},{"taxonomy":"post_tag","embeddable":true,"href":"http:\/\/www.vernunftkraft-hessen.de\/wordpress\/wp-json\/wp\/v2\/tags?post=36229"}],"curies":[{"name":"wp","href":"https:\/\/api.w.org\/{rel}","templated":true}]}}